{"id":98682,"date":"2022-02-16T17:30:00","date_gmt":"2022-02-16T20:30:00","guid":{"rendered":"https:\/\/folhapopular.info\/?p=98682"},"modified":"2022-02-16T16:17:14","modified_gmt":"2022-02-16T19:17:14","slug":"baile-das-luluzinhas-ocorre-no-dia-12-de-marco-em-paverama","status":"publish","type":"post","link":"https:\/\/folhapopular.info\/index.php\/2022\/02\/16\/baile-das-luluzinhas-ocorre-no-dia-12-de-marco-em-paverama\/","title":{"rendered":"Baile das Luluzinhas ocorre no dia 12 de mar\u00e7o em Paverama"},"content":{"rendered":"\n<p>Em alus\u00e3o ao m\u00eas das mulheres, ocorrer\u00e1 no dia 12 de mar\u00e7o, o tradicional Baile das Luluzinhas no Centro Cultural Evang\u00e9lico de Paverama.<\/p>\n\n\n\n<p>A festa \u00e9 exclusiva para mulheres, e a idade m\u00ednima para participa\u00e7\u00e3o \u00e9 de 12 anos. \u00c9 importante lembrar que jovens entre 12 e 18 anos, devem estar acompanhadas da m\u00e3e ou respons\u00e1vel.<\/p>\n\n\n\n<p>O ingresso \u00e9 2 kg de alimento n\u00e3o perec\u00edvel, exceto sal, ou doa\u00e7\u00e3o espont\u00e2nea que ser\u00e1 revertida para a Apave. Para entrar no evento, \u00e9 necess\u00e1rio apresentar a carteira de vacina\u00e7\u00e3o, e ter tomado pelo menos uma dose da vacina contra a covid-19.<\/p>\n\n\n\n<p>A primeira dama do munic\u00edpio de Paverama, Daniela Brand\u00e3o, destaca que o evento est\u00e1 sendo preparado com muito carinho para as mulheres, \u201cAno passado n\u00e3o conseguimos realizar o baile em virtude da pandemia, mas esse ano, acreditamos que poderemos nos divertir bastante. Estamos organizando tudo e ser\u00e1 uma noite especial para elas\u201d, disse.<\/p>\n\n\n\n<p>O traje \u00e9 fantasia e a DJ Gatti Mansur vai animar a noite. O baile inicia \u00e0s 21h, e tem organiza\u00e7\u00e3o da Prefeitura de Paverama, com apoio da Primeira Dama, Daniela Brand\u00e3o, e da Segunda Dama, Renilda Morais.<\/p>\n","protected":false},"excerpt":{"rendered":"<p>Em alus\u00e3o ao m\u00eas das mulheres, ocorrer\u00e1 no dia 12 de mar\u00e7o, o tradicional Baile das Luluzinhas no Centro Cultural Evang\u00e9lico de Paverama. A festa \u00e9 exclusiva para mulheres, e a idade m\u00ednima para participa\u00e7\u00e3o \u00e9 de 12 anos. \u00c9 importante lembrar que jovens entre 12 e 18 anos, devem estar acompanhadas da m\u00e3e ou [&hellip;]<\/p>\n","protected":false},"author":8,"featured_media":98683,"comment_status":"open","ping_status":"open","sticky":false,"template":"","format":"standard","meta":{"pmpro_default_level":"","_jetpack_memberships_contains_paid_content":false,"footnotes":""},"categories":[2,3],"tags":[4226,8247,46],"class_list":{"0":"post-98682","1":"post","2":"type-post","3":"status-publish","4":"format-standard","5":"has-post-thumbnail","7":"category-featured","8":"category-geral","9":"tag-baile-das-luluzinhas","10":"tag-fantasia","11":"tag-paverama","12":"pmpro-has-access"},"yoast_head":"<!-- This site is optimized with the Yoast SEO plugin v27.5 - https:\/\/yoast.com\/product\/yoast-seo-wordpress\/ -->\n<title>Baile das Luluzinhas ocorre no dia 12 de mar\u00e7o em Paverama - Folha Popular<\/title>\n<meta name=\"robots\" content=\"index, follow, max-snippet:-1, max-image-preview:large, max-video-preview:-1\" \/>\n<link rel=\"canonical\" href=\"https:\/\/folhapopular.info\/index.php\/2022\/02\/16\/baile-das-luluzinhas-ocorre-no-dia-12-de-marco-em-paverama\/\" \/>\n<meta property=\"og:locale\" content=\"pt_BR\" \/>\n<meta property=\"og:type\" content=\"article\" \/>\n<meta property=\"og:title\" content=\"Baile das Luluzinhas ocorre no dia 12 de mar\u00e7o em Paverama - Folha Popular\" \/>\n<meta property=\"og:description\" content=\"Em alus\u00e3o ao m\u00eas das mulheres, ocorrer\u00e1 no dia 12 de mar\u00e7o, o tradicional Baile das Luluzinhas no Centro Cultural Evang\u00e9lico de Paverama. A festa \u00e9 exclusiva para mulheres, e a idade m\u00ednima para participa\u00e7\u00e3o \u00e9 de 12 anos. \u00c9 importante lembrar que jovens entre 12 e 18 anos, devem estar acompanhadas da m\u00e3e ou [&hellip;]\" \/>\n<meta property=\"og:url\" content=\"https:\/\/folhapopular.info\/index.php\/2022\/02\/16\/baile-das-luluzinhas-ocorre-no-dia-12-de-marco-em-paverama\/\" \/>\n<meta property=\"og:site_name\" content=\"Folha Popular\" \/>\n<meta property=\"article:published_time\" content=\"2022-02-16T20:30:00+00:00\" \/>\n<meta property=\"og:image\" content=\"https:\/\/folhapopular.info\/wp-content\/uploads\/2022\/02\/WhatsApp-Image-2022-02-15-at-09.33.19-e1645038812978.jpeg\" \/>\n\t<meta property=\"og:image:width\" content=\"565\" \/>\n\t<meta property=\"og:image:height\" content=\"800\" \/>\n\t<meta property=\"og:image:type\" content=\"image\/jpeg\" \/>\n<meta name=\"author\" content=\"Reda\u00e7\u00e3o Folha Popular\" \/>\n<meta name=\"twitter:card\" content=\"summary_large_image\" \/>\n<meta name=\"twitter:label1\" content=\"Escrito por\" \/>\n\t<meta name=\"twitter:data1\" content=\"Reda\u00e7\u00e3o Folha Popular\" \/>\n\t<meta name=\"twitter:label2\" content=\"Est. tempo de leitura\" \/>\n\t<meta name=\"twitter:data2\" content=\"2 minutos\" \/>\n<script type=\"application\/ld+json\" class=\"yoast-schema-graph\">{\"@context\":\"https:\\\/\\\/schema.org\",\"@graph\":[{\"@type\":\"Article\",\"@id\":\"https:\\\/\\\/folhapopular.info\\\/index.php\\\/2022\\\/02\\\/16\\\/baile-das-luluzinhas-ocorre-no-dia-12-de-marco-em-paverama\\\/#article\",\"isPartOf\":{\"@id\":\"https:\\\/\\\/folhapopular.info\\\/index.php\\\/2022\\\/02\\\/16\\\/baile-das-luluzinhas-ocorre-no-dia-12-de-marco-em-paverama\\\/\"},\"author\":{\"name\":\"Reda\u00e7\u00e3o Folha Popular\",\"@id\":\"https:\\\/\\\/folhapopular.info\\\/#\\\/schema\\\/person\\\/2814e8a0df7643585a9ca38bc6eb9d4b\"},\"headline\":\"Baile das Luluzinhas ocorre no dia 12 de mar\u00e7o em Paverama\",\"datePublished\":\"2022-02-16T20:30:00+00:00\",\"mainEntityOfPage\":{\"@id\":\"https:\\\/\\\/folhapopular.info\\\/index.php\\\/2022\\\/02\\\/16\\\/baile-das-luluzinhas-ocorre-no-dia-12-de-marco-em-paverama\\\/\"},\"wordCount\":209,\"commentCount\":0,\"image\":{\"@id\":\"https:\\\/\\\/folhapopular.info\\\/index.php\\\/2022\\\/02\\\/16\\\/baile-das-luluzinhas-ocorre-no-dia-12-de-marco-em-paverama\\\/#primaryimage\"},\"thumbnailUrl\":\"https:\\\/\\\/folhapopular.info\\\/wp-content\\\/uploads\\\/2022\\\/02\\\/WhatsApp-Image-2022-02-15-at-09.33.19-e1645038812978.jpeg\",\"keywords\":[\"Baile das Luluzinhas\",\"fantasia\",\"Paverama\"],\"articleSection\":[\"Destaques\",\"Geral\"],\"inLanguage\":\"pt-BR\",\"potentialAction\":[{\"@type\":\"CommentAction\",\"name\":\"Comment\",\"target\":[\"https:\\\/\\\/folhapopular.info\\\/index.php\\\/2022\\\/02\\\/16\\\/baile-das-luluzinhas-ocorre-no-dia-12-de-marco-em-paverama\\\/#respond\"]}]},{\"@type\":\"WebPage\",\"@id\":\"https:\\\/\\\/folhapopular.info\\\/index.php\\\/2022\\\/02\\\/16\\\/baile-das-luluzinhas-ocorre-no-dia-12-de-marco-em-paverama\\\/\",\"url\":\"https:\\\/\\\/folhapopular.info\\\/index.php\\\/2022\\\/02\\\/16\\\/baile-das-luluzinhas-ocorre-no-dia-12-de-marco-em-paverama\\\/\",\"name\":\"Baile das Luluzinhas ocorre no dia 12 de mar\u00e7o em Paverama - Folha Popular\",\"isPartOf\":{\"@id\":\"https:\\\/\\\/folhapopular.info\\\/#website\"},\"primaryImageOfPage\":{\"@id\":\"https:\\\/\\\/folhapopular.info\\\/index.php\\\/2022\\\/02\\\/16\\\/baile-das-luluzinhas-ocorre-no-dia-12-de-marco-em-paverama\\\/#primaryimage\"},\"image\":{\"@id\":\"https:\\\/\\\/folhapopular.info\\\/index.php\\\/2022\\\/02\\\/16\\\/baile-das-luluzinhas-ocorre-no-dia-12-de-marco-em-paverama\\\/#primaryimage\"},\"thumbnailUrl\":\"https:\\\/\\\/folhapopular.info\\\/wp-content\\\/uploads\\\/2022\\\/02\\\/WhatsApp-Image-2022-02-15-at-09.33.19-e1645038812978.jpeg\",\"datePublished\":\"2022-02-16T20:30:00+00:00\",\"author\":{\"@id\":\"https:\\\/\\\/folhapopular.info\\\/#\\\/schema\\\/person\\\/2814e8a0df7643585a9ca38bc6eb9d4b\"},\"breadcrumb\":{\"@id\":\"https:\\\/\\\/folhapopular.info\\\/index.php\\\/2022\\\/02\\\/16\\\/baile-das-luluzinhas-ocorre-no-dia-12-de-marco-em-paverama\\\/#breadcrumb\"},\"inLanguage\":\"pt-BR\",\"potentialAction\":[{\"@type\":\"ReadAction\",\"target\":[\"https:\\\/\\\/folhapopular.info\\\/index.php\\\/2022\\\/02\\\/16\\\/baile-das-luluzinhas-ocorre-no-dia-12-de-marco-em-paverama\\\/\"]}]},{\"@type\":\"ImageObject\",\"inLanguage\":\"pt-BR\",\"@id\":\"https:\\\/\\\/folhapopular.info\\\/index.php\\\/2022\\\/02\\\/16\\\/baile-das-luluzinhas-ocorre-no-dia-12-de-marco-em-paverama\\\/#primaryimage\",\"url\":\"https:\\\/\\\/folhapopular.info\\\/wp-content\\\/uploads\\\/2022\\\/02\\\/WhatsApp-Image-2022-02-15-at-09.33.19-e1645038812978.jpeg\",\"contentUrl\":\"https:\\\/\\\/folhapopular.info\\\/wp-content\\\/uploads\\\/2022\\\/02\\\/WhatsApp-Image-2022-02-15-at-09.33.19-e1645038812978.jpeg\",\"width\":565,\"height\":800,\"caption\":\"Cr\u00e9dito da foto: Divulga\u00e7\u00e3o\"},{\"@type\":\"BreadcrumbList\",\"@id\":\"https:\\\/\\\/folhapopular.info\\\/index.php\\\/2022\\\/02\\\/16\\\/baile-das-luluzinhas-ocorre-no-dia-12-de-marco-em-paverama\\\/#breadcrumb\",\"itemListElement\":[{\"@type\":\"ListItem\",\"position\":1,\"name\":\"In\u00edcio\",\"item\":\"https:\\\/\\\/folhapopular.info\\\/\"},{\"@type\":\"ListItem\",\"position\":2,\"name\":\"Baile das Luluzinhas ocorre no dia 12 de mar\u00e7o em Paverama\"}]},{\"@type\":\"WebSite\",\"@id\":\"https:\\\/\\\/folhapopular.info\\\/#website\",\"url\":\"https:\\\/\\\/folhapopular.info\\\/\",\"name\":\"Folha Popular\",\"description\":\"Onde voc\u00ea tem vez e voz\",\"potentialAction\":[{\"@type\":\"SearchAction\",\"target\":{\"@type\":\"EntryPoint\",\"urlTemplate\":\"https:\\\/\\\/folhapopular.info\\\/?s={search_term_string}\"},\"query-input\":{\"@type\":\"PropertyValueSpecification\",\"valueRequired\":true,\"valueName\":\"search_term_string\"}}],\"inLanguage\":\"pt-BR\"},{\"@type\":\"Person\",\"@id\":\"https:\\\/\\\/folhapopular.info\\\/#\\\/schema\\\/person\\\/2814e8a0df7643585a9ca38bc6eb9d4b\",\"name\":\"Reda\u00e7\u00e3o Folha Popular\",\"image\":{\"@type\":\"ImageObject\",\"inLanguage\":\"pt-BR\",\"@id\":\"https:\\\/\\\/folhapopular.info\\\/wp-content\\\/uploads\\\/2026\\\/04\\\/Folha-1.webp\",\"url\":\"https:\\\/\\\/folhapopular.info\\\/wp-content\\\/uploads\\\/2026\\\/04\\\/Folha-1.webp\",\"contentUrl\":\"https:\\\/\\\/folhapopular.info\\\/wp-content\\\/uploads\\\/2026\\\/04\\\/Folha-1.webp\",\"caption\":\"Reda\u00e7\u00e3o Folha Popular\"},\"url\":\"https:\\\/\\\/folhapopular.info\\\/index.php\\\/author\\\/redacao\\\/\"}]}<\/script>\n<!-- \/ Yoast SEO plugin. -->","yoast_head_json":{"title":"Baile das Luluzinhas ocorre no dia 12 de mar\u00e7o em Paverama - Folha Popular","robots":{"index":"index","follow":"follow","max-snippet":"max-snippet:-1","max-image-preview":"max-image-preview:large","max-video-preview":"max-video-preview:-1"},"canonical":"https:\/\/folhapopular.info\/index.php\/2022\/02\/16\/baile-das-luluzinhas-ocorre-no-dia-12-de-marco-em-paverama\/","og_locale":"pt_BR","og_type":"article","og_title":"Baile das Luluzinhas ocorre no dia 12 de mar\u00e7o em Paverama - Folha Popular","og_description":"Em alus\u00e3o ao m\u00eas das mulheres, ocorrer\u00e1 no dia 12 de mar\u00e7o, o tradicional Baile das Luluzinhas no Centro Cultural Evang\u00e9lico de Paverama. A festa \u00e9 exclusiva para mulheres, e a idade m\u00ednima para participa\u00e7\u00e3o \u00e9 de 12 anos. \u00c9 importante lembrar que jovens entre 12 e 18 anos, devem estar acompanhadas da m\u00e3e ou [&hellip;]","og_url":"https:\/\/folhapopular.info\/index.php\/2022\/02\/16\/baile-das-luluzinhas-ocorre-no-dia-12-de-marco-em-paverama\/","og_site_name":"Folha Popular","article_published_time":"2022-02-16T20:30:00+00:00","og_image":[{"width":565,"height":800,"url":"https:\/\/folhapopular.info\/wp-content\/uploads\/2022\/02\/WhatsApp-Image-2022-02-15-at-09.33.19-e1645038812978.jpeg","type":"image\/jpeg"}],"author":"Reda\u00e7\u00e3o Folha Popular","twitter_card":"summary_large_image","twitter_misc":{"Escrito por":"Reda\u00e7\u00e3o Folha Popular","Est. tempo de leitura":"2 minutos"},"schema":{"@context":"https:\/\/schema.org","@graph":[{"@type":"Article","@id":"https:\/\/folhapopular.info\/index.php\/2022\/02\/16\/baile-das-luluzinhas-ocorre-no-dia-12-de-marco-em-paverama\/#article","isPartOf":{"@id":"https:\/\/folhapopular.info\/index.php\/2022\/02\/16\/baile-das-luluzinhas-ocorre-no-dia-12-de-marco-em-paverama\/"},"author":{"name":"Reda\u00e7\u00e3o Folha Popular","@id":"https:\/\/folhapopular.info\/#\/schema\/person\/2814e8a0df7643585a9ca38bc6eb9d4b"},"headline":"Baile das Luluzinhas ocorre no dia 12 de mar\u00e7o em Paverama","datePublished":"2022-02-16T20:30:00+00:00","mainEntityOfPage":{"@id":"https:\/\/folhapopular.info\/index.php\/2022\/02\/16\/baile-das-luluzinhas-ocorre-no-dia-12-de-marco-em-paverama\/"},"wordCount":209,"commentCount":0,"image":{"@id":"https:\/\/folhapopular.info\/index.php\/2022\/02\/16\/baile-das-luluzinhas-ocorre-no-dia-12-de-marco-em-paverama\/#primaryimage"},"thumbnailUrl":"https:\/\/folhapopular.info\/wp-content\/uploads\/2022\/02\/WhatsApp-Image-2022-02-15-at-09.33.19-e1645038812978.jpeg","keywords":["Baile das Luluzinhas","fantasia","Paverama"],"articleSection":["Destaques","Geral"],"inLanguage":"pt-BR","potentialAction":[{"@type":"CommentAction","name":"Comment","target":["https:\/\/folhapopular.info\/index.php\/2022\/02\/16\/baile-das-luluzinhas-ocorre-no-dia-12-de-marco-em-paverama\/#respond"]}]},{"@type":"WebPage","@id":"https:\/\/folhapopular.info\/index.php\/2022\/02\/16\/baile-das-luluzinhas-ocorre-no-dia-12-de-marco-em-paverama\/","url":"https:\/\/folhapopular.info\/index.php\/2022\/02\/16\/baile-das-luluzinhas-ocorre-no-dia-12-de-marco-em-paverama\/","name":"Baile das Luluzinhas ocorre no dia 12 de mar\u00e7o em Paverama - Folha Popular","isPartOf":{"@id":"https:\/\/folhapopular.info\/#website"},"primaryImageOfPage":{"@id":"https:\/\/folhapopular.info\/index.php\/2022\/02\/16\/baile-das-luluzinhas-ocorre-no-dia-12-de-marco-em-paverama\/#primaryimage"},"image":{"@id":"https:\/\/folhapopular.info\/index.php\/2022\/02\/16\/baile-das-luluzinhas-ocorre-no-dia-12-de-marco-em-paverama\/#primaryimage"},"thumbnailUrl":"https:\/\/folhapopular.info\/wp-content\/uploads\/2022\/02\/WhatsApp-Image-2022-02-15-at-09.33.19-e1645038812978.jpeg","datePublished":"2022-02-16T20:30:00+00:00","author":{"@id":"https:\/\/folhapopular.info\/#\/schema\/person\/2814e8a0df7643585a9ca38bc6eb9d4b"},"breadcrumb":{"@id":"https:\/\/folhapopular.info\/index.php\/2022\/02\/16\/baile-das-luluzinhas-ocorre-no-dia-12-de-marco-em-paverama\/#breadcrumb"},"inLanguage":"pt-BR","potentialAction":[{"@type":"ReadAction","target":["https:\/\/folhapopular.info\/index.php\/2022\/02\/16\/baile-das-luluzinhas-ocorre-no-dia-12-de-marco-em-paverama\/"]}]},{"@type":"ImageObject","inLanguage":"pt-BR","@id":"https:\/\/folhapopular.info\/index.php\/2022\/02\/16\/baile-das-luluzinhas-ocorre-no-dia-12-de-marco-em-paverama\/#primaryimage","url":"https:\/\/folhapopular.info\/wp-content\/uploads\/2022\/02\/WhatsApp-Image-2022-02-15-at-09.33.19-e1645038812978.jpeg","contentUrl":"https:\/\/folhapopular.info\/wp-content\/uploads\/2022\/02\/WhatsApp-Image-2022-02-15-at-09.33.19-e1645038812978.jpeg","width":565,"height":800,"caption":"Cr\u00e9dito da foto: Divulga\u00e7\u00e3o"},{"@type":"BreadcrumbList","@id":"https:\/\/folhapopular.info\/index.php\/2022\/02\/16\/baile-das-luluzinhas-ocorre-no-dia-12-de-marco-em-paverama\/#breadcrumb","itemListElement":[{"@type":"ListItem","position":1,"name":"In\u00edcio","item":"https:\/\/folhapopular.info\/"},{"@type":"ListItem","position":2,"name":"Baile das Luluzinhas ocorre no dia 12 de mar\u00e7o em Paverama"}]},{"@type":"WebSite","@id":"https:\/\/folhapopular.info\/#website","url":"https:\/\/folhapopular.info\/","name":"Folha Popular","description":"Onde voc\u00ea tem vez e voz","potentialAction":[{"@type":"SearchAction","target":{"@type":"EntryPoint","urlTemplate":"https:\/\/folhapopular.info\/?s={search_term_string}"},"query-input":{"@type":"PropertyValueSpecification","valueRequired":true,"valueName":"search_term_string"}}],"inLanguage":"pt-BR"},{"@type":"Person","@id":"https:\/\/folhapopular.info\/#\/schema\/person\/2814e8a0df7643585a9ca38bc6eb9d4b","name":"Reda\u00e7\u00e3o Folha Popular","image":{"@type":"ImageObject","inLanguage":"pt-BR","@id":"https:\/\/folhapopular.info\/wp-content\/uploads\/2026\/04\/Folha-1.webp","url":"https:\/\/folhapopular.info\/wp-content\/uploads\/2026\/04\/Folha-1.webp","contentUrl":"https:\/\/folhapopular.info\/wp-content\/uploads\/2026\/04\/Folha-1.webp","caption":"Reda\u00e7\u00e3o Folha Popular"},"url":"https:\/\/folhapopular.info\/index.php\/author\/redacao\/"}]}},"jetpack_featured_media_url":"https:\/\/folhapopular.info\/wp-content\/uploads\/2022\/02\/WhatsApp-Image-2022-02-15-at-09.33.19-e1645038812978.jpeg","jetpack_sharing_enabled":true,"amp_enabled":true,"_links":{"self":[{"href":"https:\/\/folhapopular.info\/index.php\/wp-json\/wp\/v2\/posts\/98682","targetHints":{"allow":["GET"]}}],"collection":[{"href":"https:\/\/folhapopular.info\/index.php\/wp-json\/wp\/v2\/posts"}],"about":[{"href":"https:\/\/folhapopular.info\/index.php\/wp-json\/wp\/v2\/types\/post"}],"author":[{"embeddable":true,"href":"https:\/\/folhapopular.info\/index.php\/wp-json\/wp\/v2\/users\/8"}],"replies":[{"embeddable":true,"href":"https:\/\/folhapopular.info\/index.php\/wp-json\/wp\/v2\/comments?post=98682"}],"version-history":[{"count":0,"href":"https:\/\/folhapopular.info\/index.php\/wp-json\/wp\/v2\/posts\/98682\/revisions"}],"wp:featuredmedia":[{"embeddable":true,"href":"https:\/\/folhapopular.info\/index.php\/wp-json\/wp\/v2\/media\/98683"}],"wp:attachment":[{"href":"https:\/\/folhapopular.info\/index.php\/wp-json\/wp\/v2\/media?parent=98682"}],"wp:term":[{"taxonomy":"category","embeddable":true,"href":"https:\/\/folhapopular.info\/index.php\/wp-json\/wp\/v2\/categories?post=98682"},{"taxonomy":"post_tag","embeddable":true,"href":"https:\/\/folhapopular.info\/index.php\/wp-json\/wp\/v2\/tags?post=98682"}],"curies":[{"name":"wp","href":"https:\/\/api.w.org\/{rel}","templated":true}]}}