{"id":98711,"date":"2022-02-17T11:30:00","date_gmt":"2022-02-17T14:30:00","guid":{"rendered":"https:\/\/folhapopular.info\/?p=98711"},"modified":"2022-02-17T10:06:59","modified_gmt":"2022-02-17T13:06:59","slug":"secretaria-de-saude-de-poco-das-antas-divulga-horarios-dos-medicos-clinicos-gerais","status":"publish","type":"post","link":"https:\/\/folhapopular.info\/index.php\/2022\/02\/17\/secretaria-de-saude-de-poco-das-antas-divulga-horarios-dos-medicos-clinicos-gerais\/","title":{"rendered":"Secretaria de Sa\u00fade de Po\u00e7o das Antas divulga hor\u00e1rios dos m\u00e9dicos cl\u00ednicos gerais"},"content":{"rendered":"\n<p>A Secretaria de Sa\u00fade de Po\u00e7o das Antas divulga o hor\u00e1rio dos m\u00e9dicos cl\u00ednicos gerais em atua\u00e7\u00e3o na Unidade B\u00e1sica de Sa\u00fade (UBS) do Munic\u00edpio. As consultas eletivas com os profissionais Hideraldo Luiz Anast\u00e1cio (CRM 13484), Alain Leon Saez (RMS 4302272) e Thucydides Rodrigues Lopes (CRM 24905), est\u00e3o ocorrendo mediante agendamento pr\u00e9vio. Se enquadram nessa situa\u00e7\u00e3o os seguintes atendimentos: reconsultas, solicita\u00e7\u00e3o e apresenta\u00e7\u00e3o de exames, renova\u00e7\u00e3o de receitas, pacientes acamados e com cuidados especiais. Para esses tipos de consultas, pacientes podem fazer o agendamento de forma presencial, junto \u00e0 Unidade B\u00e1sica de Sa\u00fade, ou entrar em contato pelos n\u00fameros: (51) 99917-6911 &#8211; WhatsApp ou (51) 3773-1231.<\/p>\n\n\n\n<p>Confira os hor\u00e1rios dos m\u00e9dicos:<\/p>\n\n\n\n<p><strong>SEGUNDA-FEIRA<\/strong><\/p>\n\n\n\n<figure class=\"wp-block-table\"><table><tbody><tr><td>Dr. Hideraldo<\/td><td>7h30 \u00e0s 11h30 \u2013 12h \u00e0s 16h<\/td><\/tr><tr><td>Dr. Alain<\/td><td>8h \u00e0s 12h30 \u2013 13h30 \u00e0s 17h<\/td><\/tr><\/tbody><\/table><\/figure>\n\n\n\n<p>&nbsp;<strong>TER\u00c7A-FEIRA<\/strong><strong><\/strong><\/p>\n\n\n\n<figure class=\"wp-block-table\"><table><tbody><tr><td>Dr. Hideraldo<\/td><td>7h30 \u00e0s 11h30<\/td><\/tr><tr><td>Dr. Alain<\/td><td>8h \u00e0s 13h \u2013 14h \u00e0s 17h<\/td><\/tr><tr><td>Dr. Thucydides<\/td><td>13h \u00e0s 17h<\/td><\/tr><\/tbody><\/table><\/figure>\n\n\n\n<p><strong>QUARTA-FEIRA<\/strong><\/p>\n\n\n\n<figure class=\"wp-block-table\"><table><tbody><tr><td>Dr. Hideraldo<\/td><td>7h30 \u00e0s 11h30 \u2013 12h \u00e0s 16h<\/td><\/tr><tr><td>Dr. Alain<\/td><td>8h \u00e0s 13h \u2013 14h \u00e0s 17h<\/td><\/tr><\/tbody><\/table><\/figure>\n\n\n\n<p><strong>QUINTA-FEIRA<\/strong><\/p>\n\n\n\n<figure class=\"wp-block-table\"><table><tbody><tr><td>Dr. Alain<\/td><td>8h \u00e0s 13h \u2013 14h \u00e0s 17h<\/td><\/tr><tr><td>Dr. Thucydides<\/td><td>13h \u00e0s 17h (agenda para procedimentos)<\/td><\/tr><\/tbody><\/table><\/figure>\n\n\n\n<p><strong>SEXTA-FEIRA<\/strong><\/p>\n\n\n\n<figure class=\"wp-block-table\"><table><tbody><tr><td>Dr. Thucydides<\/td><td>8h \u00e0s 12h<\/td><\/tr><\/tbody><\/table><\/figure>\n\n\n\n<p>Para al\u00e9m das consultas agendadas, a Secretaria de Sa\u00fade destina os primeiros hor\u00e1rios da manh\u00e3 e da tarde aos pacientes que necessitarem de atendimento imediato em casos de doen\u00e7a. Os hor\u00e1rios divulgados podem sofrer altera\u00e7\u00f5es conforme necessidade da UBS.<\/p>\n","protected":false},"excerpt":{"rendered":"<p>A Secretaria de Sa\u00fade de Po\u00e7o das Antas divulga o hor\u00e1rio dos m\u00e9dicos cl\u00ednicos gerais em atua\u00e7\u00e3o na Unidade B\u00e1sica de Sa\u00fade (UBS) do Munic\u00edpio. As consultas eletivas com os profissionais Hideraldo Luiz Anast\u00e1cio (CRM 13484), Alain Leon Saez (RMS 4302272) e Thucydides Rodrigues Lopes (CRM 24905), est\u00e3o ocorrendo mediante agendamento pr\u00e9vio. Se enquadram nessa [&hellip;]<\/p>\n","protected":false},"author":8,"featured_media":88086,"comment_status":"open","ping_status":"open","sticky":false,"template":"","format":"standard","meta":{"pmpro_default_level":"","_jetpack_memberships_contains_paid_content":false,"footnotes":""},"categories":[2,3],"tags":[6755,8256,8255,40,89,579],"class_list":{"0":"post-98711","1":"post","2":"type-post","3":"status-publish","4":"format-standard","5":"has-post-thumbnail","7":"category-featured","8":"category-geral","9":"tag-clinico-geral","10":"tag-consultas-eletivas","11":"tag-medicos","12":"tag-poco-das-antas","13":"tag-saude","14":"tag-ubs","15":"pmpro-has-access"},"yoast_head":"<!-- This site is optimized with the Yoast SEO plugin v27.5 - https:\/\/yoast.com\/product\/yoast-seo-wordpress\/ -->\n<title>Secretaria de Sa\u00fade de Po\u00e7o das Antas divulga hor\u00e1rios dos m\u00e9dicos cl\u00ednicos gerais - Folha Popular<\/title>\n<meta name=\"robots\" content=\"index, follow, max-snippet:-1, max-image-preview:large, max-video-preview:-1\" \/>\n<link rel=\"canonical\" href=\"https:\/\/folhapopular.info\/index.php\/2022\/02\/17\/secretaria-de-saude-de-poco-das-antas-divulga-horarios-dos-medicos-clinicos-gerais\/\" \/>\n<meta property=\"og:locale\" content=\"pt_BR\" \/>\n<meta property=\"og:type\" content=\"article\" \/>\n<meta property=\"og:title\" content=\"Secretaria de Sa\u00fade de Po\u00e7o das Antas divulga hor\u00e1rios dos m\u00e9dicos cl\u00ednicos gerais - Folha Popular\" \/>\n<meta property=\"og:description\" content=\"A Secretaria de Sa\u00fade de Po\u00e7o das Antas divulga o hor\u00e1rio dos m\u00e9dicos cl\u00ednicos gerais em atua\u00e7\u00e3o na Unidade B\u00e1sica de Sa\u00fade (UBS) do Munic\u00edpio. As consultas eletivas com os profissionais Hideraldo Luiz Anast\u00e1cio (CRM 13484), Alain Leon Saez (RMS 4302272) e Thucydides Rodrigues Lopes (CRM 24905), est\u00e3o ocorrendo mediante agendamento pr\u00e9vio. Se enquadram nessa [&hellip;]\" \/>\n<meta property=\"og:url\" content=\"https:\/\/folhapopular.info\/index.php\/2022\/02\/17\/secretaria-de-saude-de-poco-das-antas-divulga-horarios-dos-medicos-clinicos-gerais\/\" \/>\n<meta property=\"og:site_name\" content=\"Folha Popular\" \/>\n<meta property=\"article:published_time\" content=\"2022-02-17T14:30:00+00:00\" \/>\n<meta property=\"og:image\" content=\"https:\/\/folhapopular.info\/wp-content\/uploads\/2021\/08\/folha-popular-logo-e1639488454368.png\" \/>\n\t<meta property=\"og:image:width\" content=\"188\" \/>\n\t<meta property=\"og:image:height\" content=\"182\" \/>\n\t<meta property=\"og:image:type\" content=\"image\/png\" \/>\n<meta name=\"author\" content=\"Reda\u00e7\u00e3o Folha Popular\" \/>\n<meta name=\"twitter:card\" content=\"summary_large_image\" \/>\n<meta name=\"twitter:label1\" content=\"Escrito por\" \/>\n\t<meta name=\"twitter:data1\" content=\"Reda\u00e7\u00e3o Folha Popular\" \/>\n\t<meta name=\"twitter:label2\" content=\"Est. tempo de leitura\" \/>\n\t<meta name=\"twitter:data2\" content=\"2 minutos\" \/>\n<script type=\"application\/ld+json\" class=\"yoast-schema-graph\">{\"@context\":\"https:\\\/\\\/schema.org\",\"@graph\":[{\"@type\":\"Article\",\"@id\":\"https:\\\/\\\/folhapopular.info\\\/index.php\\\/2022\\\/02\\\/17\\\/secretaria-de-saude-de-poco-das-antas-divulga-horarios-dos-medicos-clinicos-gerais\\\/#article\",\"isPartOf\":{\"@id\":\"https:\\\/\\\/folhapopular.info\\\/index.php\\\/2022\\\/02\\\/17\\\/secretaria-de-saude-de-poco-das-antas-divulga-horarios-dos-medicos-clinicos-gerais\\\/\"},\"author\":{\"name\":\"Reda\u00e7\u00e3o Folha Popular\",\"@id\":\"https:\\\/\\\/folhapopular.info\\\/#\\\/schema\\\/person\\\/2814e8a0df7643585a9ca38bc6eb9d4b\"},\"headline\":\"Secretaria de Sa\u00fade de Po\u00e7o das Antas divulga hor\u00e1rios dos m\u00e9dicos cl\u00ednicos gerais\",\"datePublished\":\"2022-02-17T14:30:00+00:00\",\"mainEntityOfPage\":{\"@id\":\"https:\\\/\\\/folhapopular.info\\\/index.php\\\/2022\\\/02\\\/17\\\/secretaria-de-saude-de-poco-das-antas-divulga-horarios-dos-medicos-clinicos-gerais\\\/\"},\"wordCount\":267,\"commentCount\":0,\"image\":{\"@id\":\"https:\\\/\\\/folhapopular.info\\\/index.php\\\/2022\\\/02\\\/17\\\/secretaria-de-saude-de-poco-das-antas-divulga-horarios-dos-medicos-clinicos-gerais\\\/#primaryimage\"},\"thumbnailUrl\":\"https:\\\/\\\/folhapopular.info\\\/wp-content\\\/uploads\\\/2021\\\/08\\\/folha-popular-logo-e1639488454368.png\",\"keywords\":[\"Cl\u00ednico Geral\",\"consultas eletivas\",\"m\u00e9dicos\",\"Po\u00e7o das Antas\",\"Sa\u00fade\",\"UBS\"],\"articleSection\":[\"Destaques\",\"Geral\"],\"inLanguage\":\"pt-BR\",\"potentialAction\":[{\"@type\":\"CommentAction\",\"name\":\"Comment\",\"target\":[\"https:\\\/\\\/folhapopular.info\\\/index.php\\\/2022\\\/02\\\/17\\\/secretaria-de-saude-de-poco-das-antas-divulga-horarios-dos-medicos-clinicos-gerais\\\/#respond\"]}]},{\"@type\":\"WebPage\",\"@id\":\"https:\\\/\\\/folhapopular.info\\\/index.php\\\/2022\\\/02\\\/17\\\/secretaria-de-saude-de-poco-das-antas-divulga-horarios-dos-medicos-clinicos-gerais\\\/\",\"url\":\"https:\\\/\\\/folhapopular.info\\\/index.php\\\/2022\\\/02\\\/17\\\/secretaria-de-saude-de-poco-das-antas-divulga-horarios-dos-medicos-clinicos-gerais\\\/\",\"name\":\"Secretaria de Sa\u00fade de Po\u00e7o das Antas divulga hor\u00e1rios dos m\u00e9dicos cl\u00ednicos gerais - Folha Popular\",\"isPartOf\":{\"@id\":\"https:\\\/\\\/folhapopular.info\\\/#website\"},\"primaryImageOfPage\":{\"@id\":\"https:\\\/\\\/folhapopular.info\\\/index.php\\\/2022\\\/02\\\/17\\\/secretaria-de-saude-de-poco-das-antas-divulga-horarios-dos-medicos-clinicos-gerais\\\/#primaryimage\"},\"image\":{\"@id\":\"https:\\\/\\\/folhapopular.info\\\/index.php\\\/2022\\\/02\\\/17\\\/secretaria-de-saude-de-poco-das-antas-divulga-horarios-dos-medicos-clinicos-gerais\\\/#primaryimage\"},\"thumbnailUrl\":\"https:\\\/\\\/folhapopular.info\\\/wp-content\\\/uploads\\\/2021\\\/08\\\/folha-popular-logo-e1639488454368.png\",\"datePublished\":\"2022-02-17T14:30:00+00:00\",\"author\":{\"@id\":\"https:\\\/\\\/folhapopular.info\\\/#\\\/schema\\\/person\\\/2814e8a0df7643585a9ca38bc6eb9d4b\"},\"breadcrumb\":{\"@id\":\"https:\\\/\\\/folhapopular.info\\\/index.php\\\/2022\\\/02\\\/17\\\/secretaria-de-saude-de-poco-das-antas-divulga-horarios-dos-medicos-clinicos-gerais\\\/#breadcrumb\"},\"inLanguage\":\"pt-BR\",\"potentialAction\":[{\"@type\":\"ReadAction\",\"target\":[\"https:\\\/\\\/folhapopular.info\\\/index.php\\\/2022\\\/02\\\/17\\\/secretaria-de-saude-de-poco-das-antas-divulga-horarios-dos-medicos-clinicos-gerais\\\/\"]}]},{\"@type\":\"ImageObject\",\"inLanguage\":\"pt-BR\",\"@id\":\"https:\\\/\\\/folhapopular.info\\\/index.php\\\/2022\\\/02\\\/17\\\/secretaria-de-saude-de-poco-das-antas-divulga-horarios-dos-medicos-clinicos-gerais\\\/#primaryimage\",\"url\":\"https:\\\/\\\/folhapopular.info\\\/wp-content\\\/uploads\\\/2021\\\/08\\\/folha-popular-logo-e1639488454368.png\",\"contentUrl\":\"https:\\\/\\\/folhapopular.info\\\/wp-content\\\/uploads\\\/2021\\\/08\\\/folha-popular-logo-e1639488454368.png\",\"width\":188,\"height\":182},{\"@type\":\"BreadcrumbList\",\"@id\":\"https:\\\/\\\/folhapopular.info\\\/index.php\\\/2022\\\/02\\\/17\\\/secretaria-de-saude-de-poco-das-antas-divulga-horarios-dos-medicos-clinicos-gerais\\\/#breadcrumb\",\"itemListElement\":[{\"@type\":\"ListItem\",\"position\":1,\"name\":\"In\u00edcio\",\"item\":\"https:\\\/\\\/folhapopular.info\\\/\"},{\"@type\":\"ListItem\",\"position\":2,\"name\":\"Secretaria de Sa\u00fade de Po\u00e7o das Antas divulga hor\u00e1rios dos m\u00e9dicos cl\u00ednicos gerais\"}]},{\"@type\":\"WebSite\",\"@id\":\"https:\\\/\\\/folhapopular.info\\\/#website\",\"url\":\"https:\\\/\\\/folhapopular.info\\\/\",\"name\":\"Folha Popular\",\"description\":\"Onde voc\u00ea tem vez e voz\",\"potentialAction\":[{\"@type\":\"SearchAction\",\"target\":{\"@type\":\"EntryPoint\",\"urlTemplate\":\"https:\\\/\\\/folhapopular.info\\\/?s={search_term_string}\"},\"query-input\":{\"@type\":\"PropertyValueSpecification\",\"valueRequired\":true,\"valueName\":\"search_term_string\"}}],\"inLanguage\":\"pt-BR\"},{\"@type\":\"Person\",\"@id\":\"https:\\\/\\\/folhapopular.info\\\/#\\\/schema\\\/person\\\/2814e8a0df7643585a9ca38bc6eb9d4b\",\"name\":\"Reda\u00e7\u00e3o Folha Popular\",\"image\":{\"@type\":\"ImageObject\",\"inLanguage\":\"pt-BR\",\"@id\":\"https:\\\/\\\/folhapopular.info\\\/wp-content\\\/uploads\\\/2026\\\/04\\\/Folha-1.webp\",\"url\":\"https:\\\/\\\/folhapopular.info\\\/wp-content\\\/uploads\\\/2026\\\/04\\\/Folha-1.webp\",\"contentUrl\":\"https:\\\/\\\/folhapopular.info\\\/wp-content\\\/uploads\\\/2026\\\/04\\\/Folha-1.webp\",\"caption\":\"Reda\u00e7\u00e3o Folha Popular\"},\"url\":\"https:\\\/\\\/folhapopular.info\\\/index.php\\\/author\\\/redacao\\\/\"}]}<\/script>\n<!-- \/ Yoast SEO plugin. -->","yoast_head_json":{"title":"Secretaria de Sa\u00fade de Po\u00e7o das Antas divulga hor\u00e1rios dos m\u00e9dicos cl\u00ednicos gerais - Folha Popular","robots":{"index":"index","follow":"follow","max-snippet":"max-snippet:-1","max-image-preview":"max-image-preview:large","max-video-preview":"max-video-preview:-1"},"canonical":"https:\/\/folhapopular.info\/index.php\/2022\/02\/17\/secretaria-de-saude-de-poco-das-antas-divulga-horarios-dos-medicos-clinicos-gerais\/","og_locale":"pt_BR","og_type":"article","og_title":"Secretaria de Sa\u00fade de Po\u00e7o das Antas divulga hor\u00e1rios dos m\u00e9dicos cl\u00ednicos gerais - Folha Popular","og_description":"A Secretaria de Sa\u00fade de Po\u00e7o das Antas divulga o hor\u00e1rio dos m\u00e9dicos cl\u00ednicos gerais em atua\u00e7\u00e3o na Unidade B\u00e1sica de Sa\u00fade (UBS) do Munic\u00edpio. As consultas eletivas com os profissionais Hideraldo Luiz Anast\u00e1cio (CRM 13484), Alain Leon Saez (RMS 4302272) e Thucydides Rodrigues Lopes (CRM 24905), est\u00e3o ocorrendo mediante agendamento pr\u00e9vio. Se enquadram nessa [&hellip;]","og_url":"https:\/\/folhapopular.info\/index.php\/2022\/02\/17\/secretaria-de-saude-de-poco-das-antas-divulga-horarios-dos-medicos-clinicos-gerais\/","og_site_name":"Folha Popular","article_published_time":"2022-02-17T14:30:00+00:00","og_image":[{"width":188,"height":182,"url":"https:\/\/folhapopular.info\/wp-content\/uploads\/2021\/08\/folha-popular-logo-e1639488454368.png","type":"image\/png"}],"author":"Reda\u00e7\u00e3o Folha Popular","twitter_card":"summary_large_image","twitter_misc":{"Escrito por":"Reda\u00e7\u00e3o Folha Popular","Est. tempo de leitura":"2 minutos"},"schema":{"@context":"https:\/\/schema.org","@graph":[{"@type":"Article","@id":"https:\/\/folhapopular.info\/index.php\/2022\/02\/17\/secretaria-de-saude-de-poco-das-antas-divulga-horarios-dos-medicos-clinicos-gerais\/#article","isPartOf":{"@id":"https:\/\/folhapopular.info\/index.php\/2022\/02\/17\/secretaria-de-saude-de-poco-das-antas-divulga-horarios-dos-medicos-clinicos-gerais\/"},"author":{"name":"Reda\u00e7\u00e3o Folha Popular","@id":"https:\/\/folhapopular.info\/#\/schema\/person\/2814e8a0df7643585a9ca38bc6eb9d4b"},"headline":"Secretaria de Sa\u00fade de Po\u00e7o das Antas divulga hor\u00e1rios dos m\u00e9dicos cl\u00ednicos gerais","datePublished":"2022-02-17T14:30:00+00:00","mainEntityOfPage":{"@id":"https:\/\/folhapopular.info\/index.php\/2022\/02\/17\/secretaria-de-saude-de-poco-das-antas-divulga-horarios-dos-medicos-clinicos-gerais\/"},"wordCount":267,"commentCount":0,"image":{"@id":"https:\/\/folhapopular.info\/index.php\/2022\/02\/17\/secretaria-de-saude-de-poco-das-antas-divulga-horarios-dos-medicos-clinicos-gerais\/#primaryimage"},"thumbnailUrl":"https:\/\/folhapopular.info\/wp-content\/uploads\/2021\/08\/folha-popular-logo-e1639488454368.png","keywords":["Cl\u00ednico Geral","consultas eletivas","m\u00e9dicos","Po\u00e7o das Antas","Sa\u00fade","UBS"],"articleSection":["Destaques","Geral"],"inLanguage":"pt-BR","potentialAction":[{"@type":"CommentAction","name":"Comment","target":["https:\/\/folhapopular.info\/index.php\/2022\/02\/17\/secretaria-de-saude-de-poco-das-antas-divulga-horarios-dos-medicos-clinicos-gerais\/#respond"]}]},{"@type":"WebPage","@id":"https:\/\/folhapopular.info\/index.php\/2022\/02\/17\/secretaria-de-saude-de-poco-das-antas-divulga-horarios-dos-medicos-clinicos-gerais\/","url":"https:\/\/folhapopular.info\/index.php\/2022\/02\/17\/secretaria-de-saude-de-poco-das-antas-divulga-horarios-dos-medicos-clinicos-gerais\/","name":"Secretaria de Sa\u00fade de Po\u00e7o das Antas divulga hor\u00e1rios dos m\u00e9dicos cl\u00ednicos gerais - Folha Popular","isPartOf":{"@id":"https:\/\/folhapopular.info\/#website"},"primaryImageOfPage":{"@id":"https:\/\/folhapopular.info\/index.php\/2022\/02\/17\/secretaria-de-saude-de-poco-das-antas-divulga-horarios-dos-medicos-clinicos-gerais\/#primaryimage"},"image":{"@id":"https:\/\/folhapopular.info\/index.php\/2022\/02\/17\/secretaria-de-saude-de-poco-das-antas-divulga-horarios-dos-medicos-clinicos-gerais\/#primaryimage"},"thumbnailUrl":"https:\/\/folhapopular.info\/wp-content\/uploads\/2021\/08\/folha-popular-logo-e1639488454368.png","datePublished":"2022-02-17T14:30:00+00:00","author":{"@id":"https:\/\/folhapopular.info\/#\/schema\/person\/2814e8a0df7643585a9ca38bc6eb9d4b"},"breadcrumb":{"@id":"https:\/\/folhapopular.info\/index.php\/2022\/02\/17\/secretaria-de-saude-de-poco-das-antas-divulga-horarios-dos-medicos-clinicos-gerais\/#breadcrumb"},"inLanguage":"pt-BR","potentialAction":[{"@type":"ReadAction","target":["https:\/\/folhapopular.info\/index.php\/2022\/02\/17\/secretaria-de-saude-de-poco-das-antas-divulga-horarios-dos-medicos-clinicos-gerais\/"]}]},{"@type":"ImageObject","inLanguage":"pt-BR","@id":"https:\/\/folhapopular.info\/index.php\/2022\/02\/17\/secretaria-de-saude-de-poco-das-antas-divulga-horarios-dos-medicos-clinicos-gerais\/#primaryimage","url":"https:\/\/folhapopular.info\/wp-content\/uploads\/2021\/08\/folha-popular-logo-e1639488454368.png","contentUrl":"https:\/\/folhapopular.info\/wp-content\/uploads\/2021\/08\/folha-popular-logo-e1639488454368.png","width":188,"height":182},{"@type":"BreadcrumbList","@id":"https:\/\/folhapopular.info\/index.php\/2022\/02\/17\/secretaria-de-saude-de-poco-das-antas-divulga-horarios-dos-medicos-clinicos-gerais\/#breadcrumb","itemListElement":[{"@type":"ListItem","position":1,"name":"In\u00edcio","item":"https:\/\/folhapopular.info\/"},{"@type":"ListItem","position":2,"name":"Secretaria de Sa\u00fade de Po\u00e7o das Antas divulga hor\u00e1rios dos m\u00e9dicos cl\u00ednicos gerais"}]},{"@type":"WebSite","@id":"https:\/\/folhapopular.info\/#website","url":"https:\/\/folhapopular.info\/","name":"Folha Popular","description":"Onde voc\u00ea tem vez e voz","potentialAction":[{"@type":"SearchAction","target":{"@type":"EntryPoint","urlTemplate":"https:\/\/folhapopular.info\/?s={search_term_string}"},"query-input":{"@type":"PropertyValueSpecification","valueRequired":true,"valueName":"search_term_string"}}],"inLanguage":"pt-BR"},{"@type":"Person","@id":"https:\/\/folhapopular.info\/#\/schema\/person\/2814e8a0df7643585a9ca38bc6eb9d4b","name":"Reda\u00e7\u00e3o Folha Popular","image":{"@type":"ImageObject","inLanguage":"pt-BR","@id":"https:\/\/folhapopular.info\/wp-content\/uploads\/2026\/04\/Folha-1.webp","url":"https:\/\/folhapopular.info\/wp-content\/uploads\/2026\/04\/Folha-1.webp","contentUrl":"https:\/\/folhapopular.info\/wp-content\/uploads\/2026\/04\/Folha-1.webp","caption":"Reda\u00e7\u00e3o Folha Popular"},"url":"https:\/\/folhapopular.info\/index.php\/author\/redacao\/"}]}},"jetpack_featured_media_url":"https:\/\/folhapopular.info\/wp-content\/uploads\/2021\/08\/folha-popular-logo-e1639488454368.png","jetpack_sharing_enabled":true,"amp_enabled":true,"_links":{"self":[{"href":"https:\/\/folhapopular.info\/index.php\/wp-json\/wp\/v2\/posts\/98711","targetHints":{"allow":["GET"]}}],"collection":[{"href":"https:\/\/folhapopular.info\/index.php\/wp-json\/wp\/v2\/posts"}],"about":[{"href":"https:\/\/folhapopular.info\/index.php\/wp-json\/wp\/v2\/types\/post"}],"author":[{"embeddable":true,"href":"https:\/\/folhapopular.info\/index.php\/wp-json\/wp\/v2\/users\/8"}],"replies":[{"embeddable":true,"href":"https:\/\/folhapopular.info\/index.php\/wp-json\/wp\/v2\/comments?post=98711"}],"version-history":[{"count":0,"href":"https:\/\/folhapopular.info\/index.php\/wp-json\/wp\/v2\/posts\/98711\/revisions"}],"wp:featuredmedia":[{"embeddable":true,"href":"https:\/\/folhapopular.info\/index.php\/wp-json\/wp\/v2\/media\/88086"}],"wp:attachment":[{"href":"https:\/\/folhapopular.info\/index.php\/wp-json\/wp\/v2\/media?parent=98711"}],"wp:term":[{"taxonomy":"category","embeddable":true,"href":"https:\/\/folhapopular.info\/index.php\/wp-json\/wp\/v2\/categories?post=98711"},{"taxonomy":"post_tag","embeddable":true,"href":"https:\/\/folhapopular.info\/index.php\/wp-json\/wp\/v2\/tags?post=98711"}],"curies":[{"name":"wp","href":"https:\/\/api.w.org\/{rel}","templated":true}]}}