{"id":98735,"date":"2022-02-17T16:01:04","date_gmt":"2022-02-17T19:01:04","guid":{"rendered":"https:\/\/folhapopular.info\/?p=98735"},"modified":"2022-02-17T16:01:08","modified_gmt":"2022-02-17T19:01:08","slug":"poco-das-antas-recebe-recurso-para-pavimentar-mais-uma-etapa-da-estrada-branca","status":"publish","type":"post","link":"https:\/\/folhapopular.info\/index.php\/2022\/02\/17\/poco-das-antas-recebe-recurso-para-pavimentar-mais-uma-etapa-da-estrada-branca\/","title":{"rendered":"Po\u00e7o das Antas recebe recurso para pavimentar mais uma etapa da Estrada Branca"},"content":{"rendered":"\n<p>Uma comitiva de representantes do PDT de Po\u00e7o das Antas esteve na ter\u00e7a-feira (15\/2), em Porto Alegre, na resid\u00eancia do deputado federal Pompeo de Mattos (PDT), de forma a celebrar mais uma conquista para o munic\u00edpio. Na visita foi anunciado o repasse, atrav\u00e9s de emenda parlamentar viabilizada pelo deputado, do valor de R$ 150 mil em forma de recurso livre a ser investido em mais uma etapa de pavimenta\u00e7\u00e3o da Avenida S\u00e3o Pedro &#8211; (Estrada Branca), sendo essa mais uma importante parcela de contribui\u00e7\u00e3o do deputado para as obras nesse trajeto.<\/p>\n\n\n\n<p>O trecho da Estrada Branca, via que liga Po\u00e7o das Antas at\u00e9 Salvador do Sul, est\u00e1 sendo pavimentado em etapas:<\/p>\n\n\n\n<p>\u2022 Etapa 1 &#8211; 320 metros lineares:&nbsp;&nbsp;investimento total de R$ 505.017,97, sendo R$ 100 mil viabilizados atrav\u00e9s de emenda parlamentar do deputado federal Pompeo de Mattos (PDT) e o restante, R$ 405.017,10, contrapartida dos cofres municipais.<\/p>\n\n\n\n<p>\u2022&nbsp;Etapa 2 &#8211; 386,33 metros lineares: investimento total previsto em R$ 484.682,15, sendo 80%, equivalente a R$ 387.729,72, oriundos do Programa Pavimenta do Governo do Estado do Rio Grande do Sul, e o restante, 20%, como contrapartida dos cofres do munic\u00edpio.<\/p>\n\n\n\n<p>A Administra\u00e7\u00e3o Municipal pretende executar mais duas etapas de pavimenta\u00e7\u00e3o dessa via. A Etapa 3 ser\u00e1 complementada com o recurso viabilizado pelo deputado Pompeo e est\u00e1 com o projeto em elabora\u00e7\u00e3o. A Etapa 4 ser\u00e1 anunciada conforme a entrada de mais recursos. A terceira e a quarta etapa devem totalizar, juntas, cerca de 1 Km de trecho pavimentado.<\/p>\n\n\n\n<p>Na visita ao deputado representaram Po\u00e7o das Antas: a prefeita, V\u00e2nia Brackmann (PDT), os vereadores Andr\u00e9ia Brinckmann Griebeler (PDT) e Cl\u00f3ves Andr\u00e9 Knob (PDT) e o servidor do Munic\u00edpio e correligion\u00e1rio, Rog\u00e9rio Wilhelm. Tamb\u00e9m se fez presente o coordenador regional do PDT, Jos\u00e9 Odair Scorsatto e assessores do deputado Pompeo.<\/p>\n\n\n\n<p>A chefe do Executivo po\u00e7oantense comemora esse recurso importante para o munic\u00edpio e reconhece o apoio do deputado e daqueles envolvidos nessa conquista, ressaltando o empenho de todos para a concretiza\u00e7\u00e3o dessa obra. &#8220;A pavimenta\u00e7\u00e3o da<\/p>\n\n\n\n<p>Estrada Branca sempre foi algo muito solicitado pela nossa comunidade. Assumimos o compromisso, enquanto Administra\u00e7\u00e3o Municipal, de atender esse pedido e concretizar esse sonho de tanto tempo&#8221;, destaca a prefeita V\u00e2nia Brackmann.<\/p>\n","protected":false},"excerpt":{"rendered":"<p>Uma comitiva de representantes do PDT de Po\u00e7o das Antas esteve na ter\u00e7a-feira (15\/2), em Porto Alegre, na resid\u00eancia do deputado federal Pompeo de Mattos (PDT), de forma a celebrar mais uma conquista para o munic\u00edpio. Na visita foi anunciado o repasse, atrav\u00e9s de emenda parlamentar viabilizada pelo deputado, do valor de R$ 150 mil [&hellip;]<\/p>\n","protected":false},"author":8,"featured_media":98725,"comment_status":"open","ping_status":"open","sticky":false,"template":"","format":"standard","meta":{"pmpro_default_level":"","_jetpack_memberships_contains_paid_content":false,"footnotes":""},"categories":[2,3],"tags":[328,7756,40],"class_list":{"0":"post-98735","1":"post","2":"type-post","3":"status-publish","4":"format-standard","5":"has-post-thumbnail","7":"category-featured","8":"category-geral","9":"tag-emenda-parlamentar","10":"tag-obras-de-pavimentacao","11":"tag-poco-das-antas","12":"pmpro-has-access"},"yoast_head":"<!-- This site is optimized with the Yoast SEO plugin v27.5 - https:\/\/yoast.com\/product\/yoast-seo-wordpress\/ -->\n<title>Po\u00e7o das Antas recebe recurso para pavimentar mais uma etapa da Estrada Branca - Folha Popular<\/title>\n<meta name=\"robots\" content=\"index, follow, max-snippet:-1, max-image-preview:large, max-video-preview:-1\" \/>\n<link rel=\"canonical\" href=\"https:\/\/folhapopular.info\/index.php\/2022\/02\/17\/poco-das-antas-recebe-recurso-para-pavimentar-mais-uma-etapa-da-estrada-branca\/\" \/>\n<meta property=\"og:locale\" content=\"pt_BR\" \/>\n<meta property=\"og:type\" content=\"article\" \/>\n<meta property=\"og:title\" content=\"Po\u00e7o das Antas recebe recurso para pavimentar mais uma etapa da Estrada Branca - Folha Popular\" \/>\n<meta property=\"og:description\" content=\"Uma comitiva de representantes do PDT de Po\u00e7o das Antas esteve na ter\u00e7a-feira (15\/2), em Porto Alegre, na resid\u00eancia do deputado federal Pompeo de Mattos (PDT), de forma a celebrar mais uma conquista para o munic\u00edpio. Na visita foi anunciado o repasse, atrav\u00e9s de emenda parlamentar viabilizada pelo deputado, do valor de R$ 150 mil [&hellip;]\" \/>\n<meta property=\"og:url\" content=\"https:\/\/folhapopular.info\/index.php\/2022\/02\/17\/poco-das-antas-recebe-recurso-para-pavimentar-mais-uma-etapa-da-estrada-branca\/\" \/>\n<meta property=\"og:site_name\" content=\"Folha Popular\" \/>\n<meta property=\"article:published_time\" content=\"2022-02-17T19:01:04+00:00\" \/>\n<meta property=\"article:modified_time\" content=\"2022-02-17T19:01:08+00:00\" \/>\n<meta property=\"og:image\" content=\"http:\/\/folhapopular.info\/wp-content\/uploads\/2022\/02\/1-Poco-das-Antas-recebe-recurso-para-pavimentar-mais-uma-etapa-da-Estrada-Branca-e1645120330123.jpg\" \/>\n\t<meta property=\"og:image:width\" content=\"800\" \/>\n\t<meta property=\"og:image:height\" content=\"600\" \/>\n\t<meta property=\"og:image:type\" content=\"image\/jpeg\" \/>\n<meta name=\"author\" content=\"Reda\u00e7\u00e3o Folha Popular\" \/>\n<meta name=\"twitter:card\" content=\"summary_large_image\" \/>\n<meta name=\"twitter:label1\" content=\"Escrito por\" \/>\n\t<meta name=\"twitter:data1\" content=\"Reda\u00e7\u00e3o Folha Popular\" \/>\n\t<meta name=\"twitter:label2\" content=\"Est. tempo de leitura\" \/>\n\t<meta name=\"twitter:data2\" content=\"2 minutos\" \/>\n<script type=\"application\/ld+json\" class=\"yoast-schema-graph\">{\"@context\":\"https:\\\/\\\/schema.org\",\"@graph\":[{\"@type\":\"Article\",\"@id\":\"https:\\\/\\\/folhapopular.info\\\/index.php\\\/2022\\\/02\\\/17\\\/poco-das-antas-recebe-recurso-para-pavimentar-mais-uma-etapa-da-estrada-branca\\\/#article\",\"isPartOf\":{\"@id\":\"https:\\\/\\\/folhapopular.info\\\/index.php\\\/2022\\\/02\\\/17\\\/poco-das-antas-recebe-recurso-para-pavimentar-mais-uma-etapa-da-estrada-branca\\\/\"},\"author\":{\"name\":\"Reda\u00e7\u00e3o Folha Popular\",\"@id\":\"https:\\\/\\\/folhapopular.info\\\/#\\\/schema\\\/person\\\/2814e8a0df7643585a9ca38bc6eb9d4b\"},\"headline\":\"Po\u00e7o das Antas recebe recurso para pavimentar mais uma etapa da Estrada Branca\",\"datePublished\":\"2022-02-17T19:01:04+00:00\",\"dateModified\":\"2022-02-17T19:01:08+00:00\",\"mainEntityOfPage\":{\"@id\":\"https:\\\/\\\/folhapopular.info\\\/index.php\\\/2022\\\/02\\\/17\\\/poco-das-antas-recebe-recurso-para-pavimentar-mais-uma-etapa-da-estrada-branca\\\/\"},\"wordCount\":393,\"commentCount\":0,\"image\":{\"@id\":\"https:\\\/\\\/folhapopular.info\\\/index.php\\\/2022\\\/02\\\/17\\\/poco-das-antas-recebe-recurso-para-pavimentar-mais-uma-etapa-da-estrada-branca\\\/#primaryimage\"},\"thumbnailUrl\":\"https:\\\/\\\/folhapopular.info\\\/wp-content\\\/uploads\\\/2022\\\/02\\\/1-Poco-das-Antas-recebe-recurso-para-pavimentar-mais-uma-etapa-da-Estrada-Branca-e1645120330123.jpg\",\"keywords\":[\"Emenda Parlamentar\",\"Obras de pavimenta\u00e7\u00e3o\",\"Po\u00e7o das Antas\"],\"articleSection\":[\"Destaques\",\"Geral\"],\"inLanguage\":\"pt-BR\",\"potentialAction\":[{\"@type\":\"CommentAction\",\"name\":\"Comment\",\"target\":[\"https:\\\/\\\/folhapopular.info\\\/index.php\\\/2022\\\/02\\\/17\\\/poco-das-antas-recebe-recurso-para-pavimentar-mais-uma-etapa-da-estrada-branca\\\/#respond\"]}]},{\"@type\":\"WebPage\",\"@id\":\"https:\\\/\\\/folhapopular.info\\\/index.php\\\/2022\\\/02\\\/17\\\/poco-das-antas-recebe-recurso-para-pavimentar-mais-uma-etapa-da-estrada-branca\\\/\",\"url\":\"https:\\\/\\\/folhapopular.info\\\/index.php\\\/2022\\\/02\\\/17\\\/poco-das-antas-recebe-recurso-para-pavimentar-mais-uma-etapa-da-estrada-branca\\\/\",\"name\":\"Po\u00e7o das Antas recebe recurso para pavimentar mais uma etapa da Estrada Branca - Folha Popular\",\"isPartOf\":{\"@id\":\"https:\\\/\\\/folhapopular.info\\\/#website\"},\"primaryImageOfPage\":{\"@id\":\"https:\\\/\\\/folhapopular.info\\\/index.php\\\/2022\\\/02\\\/17\\\/poco-das-antas-recebe-recurso-para-pavimentar-mais-uma-etapa-da-estrada-branca\\\/#primaryimage\"},\"image\":{\"@id\":\"https:\\\/\\\/folhapopular.info\\\/index.php\\\/2022\\\/02\\\/17\\\/poco-das-antas-recebe-recurso-para-pavimentar-mais-uma-etapa-da-estrada-branca\\\/#primaryimage\"},\"thumbnailUrl\":\"https:\\\/\\\/folhapopular.info\\\/wp-content\\\/uploads\\\/2022\\\/02\\\/1-Poco-das-Antas-recebe-recurso-para-pavimentar-mais-uma-etapa-da-Estrada-Branca-e1645120330123.jpg\",\"datePublished\":\"2022-02-17T19:01:04+00:00\",\"dateModified\":\"2022-02-17T19:01:08+00:00\",\"author\":{\"@id\":\"https:\\\/\\\/folhapopular.info\\\/#\\\/schema\\\/person\\\/2814e8a0df7643585a9ca38bc6eb9d4b\"},\"breadcrumb\":{\"@id\":\"https:\\\/\\\/folhapopular.info\\\/index.php\\\/2022\\\/02\\\/17\\\/poco-das-antas-recebe-recurso-para-pavimentar-mais-uma-etapa-da-estrada-branca\\\/#breadcrumb\"},\"inLanguage\":\"pt-BR\",\"potentialAction\":[{\"@type\":\"ReadAction\",\"target\":[\"https:\\\/\\\/folhapopular.info\\\/index.php\\\/2022\\\/02\\\/17\\\/poco-das-antas-recebe-recurso-para-pavimentar-mais-uma-etapa-da-estrada-branca\\\/\"]}]},{\"@type\":\"ImageObject\",\"inLanguage\":\"pt-BR\",\"@id\":\"https:\\\/\\\/folhapopular.info\\\/index.php\\\/2022\\\/02\\\/17\\\/poco-das-antas-recebe-recurso-para-pavimentar-mais-uma-etapa-da-estrada-branca\\\/#primaryimage\",\"url\":\"https:\\\/\\\/folhapopular.info\\\/wp-content\\\/uploads\\\/2022\\\/02\\\/1-Poco-das-Antas-recebe-recurso-para-pavimentar-mais-uma-etapa-da-Estrada-Branca-e1645120330123.jpg\",\"contentUrl\":\"https:\\\/\\\/folhapopular.info\\\/wp-content\\\/uploads\\\/2022\\\/02\\\/1-Poco-das-Antas-recebe-recurso-para-pavimentar-mais-uma-etapa-da-Estrada-Branca-e1645120330123.jpg\",\"width\":800,\"height\":600,\"caption\":\"Representantes do PDT estiveram na resid\u00eancia do deputado \\\/ Cr\u00e9dito da foto: Divulga\u00e7\u00e3o\"},{\"@type\":\"BreadcrumbList\",\"@id\":\"https:\\\/\\\/folhapopular.info\\\/index.php\\\/2022\\\/02\\\/17\\\/poco-das-antas-recebe-recurso-para-pavimentar-mais-uma-etapa-da-estrada-branca\\\/#breadcrumb\",\"itemListElement\":[{\"@type\":\"ListItem\",\"position\":1,\"name\":\"In\u00edcio\",\"item\":\"https:\\\/\\\/folhapopular.info\\\/\"},{\"@type\":\"ListItem\",\"position\":2,\"name\":\"Po\u00e7o das Antas recebe recurso para pavimentar mais uma etapa da Estrada Branca\"}]},{\"@type\":\"WebSite\",\"@id\":\"https:\\\/\\\/folhapopular.info\\\/#website\",\"url\":\"https:\\\/\\\/folhapopular.info\\\/\",\"name\":\"Folha Popular\",\"description\":\"Onde voc\u00ea tem vez e voz\",\"potentialAction\":[{\"@type\":\"SearchAction\",\"target\":{\"@type\":\"EntryPoint\",\"urlTemplate\":\"https:\\\/\\\/folhapopular.info\\\/?s={search_term_string}\"},\"query-input\":{\"@type\":\"PropertyValueSpecification\",\"valueRequired\":true,\"valueName\":\"search_term_string\"}}],\"inLanguage\":\"pt-BR\"},{\"@type\":\"Person\",\"@id\":\"https:\\\/\\\/folhapopular.info\\\/#\\\/schema\\\/person\\\/2814e8a0df7643585a9ca38bc6eb9d4b\",\"name\":\"Reda\u00e7\u00e3o Folha Popular\",\"image\":{\"@type\":\"ImageObject\",\"inLanguage\":\"pt-BR\",\"@id\":\"https:\\\/\\\/folhapopular.info\\\/wp-content\\\/uploads\\\/2026\\\/04\\\/Folha-1.webp\",\"url\":\"https:\\\/\\\/folhapopular.info\\\/wp-content\\\/uploads\\\/2026\\\/04\\\/Folha-1.webp\",\"contentUrl\":\"https:\\\/\\\/folhapopular.info\\\/wp-content\\\/uploads\\\/2026\\\/04\\\/Folha-1.webp\",\"caption\":\"Reda\u00e7\u00e3o Folha Popular\"},\"url\":\"https:\\\/\\\/folhapopular.info\\\/index.php\\\/author\\\/redacao\\\/\"}]}<\/script>\n<!-- \/ Yoast SEO plugin. -->","yoast_head_json":{"title":"Po\u00e7o das Antas recebe recurso para pavimentar mais uma etapa da Estrada Branca - Folha Popular","robots":{"index":"index","follow":"follow","max-snippet":"max-snippet:-1","max-image-preview":"max-image-preview:large","max-video-preview":"max-video-preview:-1"},"canonical":"https:\/\/folhapopular.info\/index.php\/2022\/02\/17\/poco-das-antas-recebe-recurso-para-pavimentar-mais-uma-etapa-da-estrada-branca\/","og_locale":"pt_BR","og_type":"article","og_title":"Po\u00e7o das Antas recebe recurso para pavimentar mais uma etapa da Estrada Branca - Folha Popular","og_description":"Uma comitiva de representantes do PDT de Po\u00e7o das Antas esteve na ter\u00e7a-feira (15\/2), em Porto Alegre, na resid\u00eancia do deputado federal Pompeo de Mattos (PDT), de forma a celebrar mais uma conquista para o munic\u00edpio. Na visita foi anunciado o repasse, atrav\u00e9s de emenda parlamentar viabilizada pelo deputado, do valor de R$ 150 mil [&hellip;]","og_url":"https:\/\/folhapopular.info\/index.php\/2022\/02\/17\/poco-das-antas-recebe-recurso-para-pavimentar-mais-uma-etapa-da-estrada-branca\/","og_site_name":"Folha Popular","article_published_time":"2022-02-17T19:01:04+00:00","article_modified_time":"2022-02-17T19:01:08+00:00","og_image":[{"width":800,"height":600,"url":"http:\/\/folhapopular.info\/wp-content\/uploads\/2022\/02\/1-Poco-das-Antas-recebe-recurso-para-pavimentar-mais-uma-etapa-da-Estrada-Branca-e1645120330123.jpg","type":"image\/jpeg"}],"author":"Reda\u00e7\u00e3o Folha Popular","twitter_card":"summary_large_image","twitter_misc":{"Escrito por":"Reda\u00e7\u00e3o Folha Popular","Est. tempo de leitura":"2 minutos"},"schema":{"@context":"https:\/\/schema.org","@graph":[{"@type":"Article","@id":"https:\/\/folhapopular.info\/index.php\/2022\/02\/17\/poco-das-antas-recebe-recurso-para-pavimentar-mais-uma-etapa-da-estrada-branca\/#article","isPartOf":{"@id":"https:\/\/folhapopular.info\/index.php\/2022\/02\/17\/poco-das-antas-recebe-recurso-para-pavimentar-mais-uma-etapa-da-estrada-branca\/"},"author":{"name":"Reda\u00e7\u00e3o Folha Popular","@id":"https:\/\/folhapopular.info\/#\/schema\/person\/2814e8a0df7643585a9ca38bc6eb9d4b"},"headline":"Po\u00e7o das Antas recebe recurso para pavimentar mais uma etapa da Estrada Branca","datePublished":"2022-02-17T19:01:04+00:00","dateModified":"2022-02-17T19:01:08+00:00","mainEntityOfPage":{"@id":"https:\/\/folhapopular.info\/index.php\/2022\/02\/17\/poco-das-antas-recebe-recurso-para-pavimentar-mais-uma-etapa-da-estrada-branca\/"},"wordCount":393,"commentCount":0,"image":{"@id":"https:\/\/folhapopular.info\/index.php\/2022\/02\/17\/poco-das-antas-recebe-recurso-para-pavimentar-mais-uma-etapa-da-estrada-branca\/#primaryimage"},"thumbnailUrl":"https:\/\/folhapopular.info\/wp-content\/uploads\/2022\/02\/1-Poco-das-Antas-recebe-recurso-para-pavimentar-mais-uma-etapa-da-Estrada-Branca-e1645120330123.jpg","keywords":["Emenda Parlamentar","Obras de pavimenta\u00e7\u00e3o","Po\u00e7o das Antas"],"articleSection":["Destaques","Geral"],"inLanguage":"pt-BR","potentialAction":[{"@type":"CommentAction","name":"Comment","target":["https:\/\/folhapopular.info\/index.php\/2022\/02\/17\/poco-das-antas-recebe-recurso-para-pavimentar-mais-uma-etapa-da-estrada-branca\/#respond"]}]},{"@type":"WebPage","@id":"https:\/\/folhapopular.info\/index.php\/2022\/02\/17\/poco-das-antas-recebe-recurso-para-pavimentar-mais-uma-etapa-da-estrada-branca\/","url":"https:\/\/folhapopular.info\/index.php\/2022\/02\/17\/poco-das-antas-recebe-recurso-para-pavimentar-mais-uma-etapa-da-estrada-branca\/","name":"Po\u00e7o das Antas recebe recurso para pavimentar mais uma etapa da Estrada Branca - Folha Popular","isPartOf":{"@id":"https:\/\/folhapopular.info\/#website"},"primaryImageOfPage":{"@id":"https:\/\/folhapopular.info\/index.php\/2022\/02\/17\/poco-das-antas-recebe-recurso-para-pavimentar-mais-uma-etapa-da-estrada-branca\/#primaryimage"},"image":{"@id":"https:\/\/folhapopular.info\/index.php\/2022\/02\/17\/poco-das-antas-recebe-recurso-para-pavimentar-mais-uma-etapa-da-estrada-branca\/#primaryimage"},"thumbnailUrl":"https:\/\/folhapopular.info\/wp-content\/uploads\/2022\/02\/1-Poco-das-Antas-recebe-recurso-para-pavimentar-mais-uma-etapa-da-Estrada-Branca-e1645120330123.jpg","datePublished":"2022-02-17T19:01:04+00:00","dateModified":"2022-02-17T19:01:08+00:00","author":{"@id":"https:\/\/folhapopular.info\/#\/schema\/person\/2814e8a0df7643585a9ca38bc6eb9d4b"},"breadcrumb":{"@id":"https:\/\/folhapopular.info\/index.php\/2022\/02\/17\/poco-das-antas-recebe-recurso-para-pavimentar-mais-uma-etapa-da-estrada-branca\/#breadcrumb"},"inLanguage":"pt-BR","potentialAction":[{"@type":"ReadAction","target":["https:\/\/folhapopular.info\/index.php\/2022\/02\/17\/poco-das-antas-recebe-recurso-para-pavimentar-mais-uma-etapa-da-estrada-branca\/"]}]},{"@type":"ImageObject","inLanguage":"pt-BR","@id":"https:\/\/folhapopular.info\/index.php\/2022\/02\/17\/poco-das-antas-recebe-recurso-para-pavimentar-mais-uma-etapa-da-estrada-branca\/#primaryimage","url":"https:\/\/folhapopular.info\/wp-content\/uploads\/2022\/02\/1-Poco-das-Antas-recebe-recurso-para-pavimentar-mais-uma-etapa-da-Estrada-Branca-e1645120330123.jpg","contentUrl":"https:\/\/folhapopular.info\/wp-content\/uploads\/2022\/02\/1-Poco-das-Antas-recebe-recurso-para-pavimentar-mais-uma-etapa-da-Estrada-Branca-e1645120330123.jpg","width":800,"height":600,"caption":"Representantes do PDT estiveram na resid\u00eancia do deputado \/ Cr\u00e9dito da foto: Divulga\u00e7\u00e3o"},{"@type":"BreadcrumbList","@id":"https:\/\/folhapopular.info\/index.php\/2022\/02\/17\/poco-das-antas-recebe-recurso-para-pavimentar-mais-uma-etapa-da-estrada-branca\/#breadcrumb","itemListElement":[{"@type":"ListItem","position":1,"name":"In\u00edcio","item":"https:\/\/folhapopular.info\/"},{"@type":"ListItem","position":2,"name":"Po\u00e7o das Antas recebe recurso para pavimentar mais uma etapa da Estrada Branca"}]},{"@type":"WebSite","@id":"https:\/\/folhapopular.info\/#website","url":"https:\/\/folhapopular.info\/","name":"Folha Popular","description":"Onde voc\u00ea tem vez e voz","potentialAction":[{"@type":"SearchAction","target":{"@type":"EntryPoint","urlTemplate":"https:\/\/folhapopular.info\/?s={search_term_string}"},"query-input":{"@type":"PropertyValueSpecification","valueRequired":true,"valueName":"search_term_string"}}],"inLanguage":"pt-BR"},{"@type":"Person","@id":"https:\/\/folhapopular.info\/#\/schema\/person\/2814e8a0df7643585a9ca38bc6eb9d4b","name":"Reda\u00e7\u00e3o Folha Popular","image":{"@type":"ImageObject","inLanguage":"pt-BR","@id":"https:\/\/folhapopular.info\/wp-content\/uploads\/2026\/04\/Folha-1.webp","url":"https:\/\/folhapopular.info\/wp-content\/uploads\/2026\/04\/Folha-1.webp","contentUrl":"https:\/\/folhapopular.info\/wp-content\/uploads\/2026\/04\/Folha-1.webp","caption":"Reda\u00e7\u00e3o Folha Popular"},"url":"https:\/\/folhapopular.info\/index.php\/author\/redacao\/"}]}},"jetpack_featured_media_url":"https:\/\/folhapopular.info\/wp-content\/uploads\/2022\/02\/1-Poco-das-Antas-recebe-recurso-para-pavimentar-mais-uma-etapa-da-Estrada-Branca-e1645120330123.jpg","jetpack_sharing_enabled":true,"amp_enabled":true,"_links":{"self":[{"href":"https:\/\/folhapopular.info\/index.php\/wp-json\/wp\/v2\/posts\/98735","targetHints":{"allow":["GET"]}}],"collection":[{"href":"https:\/\/folhapopular.info\/index.php\/wp-json\/wp\/v2\/posts"}],"about":[{"href":"https:\/\/folhapopular.info\/index.php\/wp-json\/wp\/v2\/types\/post"}],"author":[{"embeddable":true,"href":"https:\/\/folhapopular.info\/index.php\/wp-json\/wp\/v2\/users\/8"}],"replies":[{"embeddable":true,"href":"https:\/\/folhapopular.info\/index.php\/wp-json\/wp\/v2\/comments?post=98735"}],"version-history":[{"count":0,"href":"https:\/\/folhapopular.info\/index.php\/wp-json\/wp\/v2\/posts\/98735\/revisions"}],"wp:featuredmedia":[{"embeddable":true,"href":"https:\/\/folhapopular.info\/index.php\/wp-json\/wp\/v2\/media\/98725"}],"wp:attachment":[{"href":"https:\/\/folhapopular.info\/index.php\/wp-json\/wp\/v2\/media?parent=98735"}],"wp:term":[{"taxonomy":"category","embeddable":true,"href":"https:\/\/folhapopular.info\/index.php\/wp-json\/wp\/v2\/categories?post=98735"},{"taxonomy":"post_tag","embeddable":true,"href":"https:\/\/folhapopular.info\/index.php\/wp-json\/wp\/v2\/tags?post=98735"}],"curies":[{"name":"wp","href":"https:\/\/api.w.org\/{rel}","templated":true}]}}