{"id":98778,"date":"2022-02-18T14:30:00","date_gmt":"2022-02-18T17:30:00","guid":{"rendered":"https:\/\/folhapopular.info\/?p=98778"},"modified":"2022-02-18T14:01:06","modified_gmt":"2022-02-18T17:01:06","slug":"dia-c-da-vacinacao-infantil-contra-a-covid-19-ocorre-neste-sabado-em-lajeado","status":"publish","type":"post","link":"https:\/\/folhapopular.info\/index.php\/2022\/02\/18\/dia-c-da-vacinacao-infantil-contra-a-covid-19-ocorre-neste-sabado-em-lajeado\/","title":{"rendered":"Dia C da vacina\u00e7\u00e3o infantil contra a covid-19 ocorre neste s\u00e1bado em Lajeado"},"content":{"rendered":"\n<p>Neste s\u00e1bado (19\/2), acontece o Dia C da vacina\u00e7\u00e3o infantil contra a covid-19 em todo o Estado. Neste dia, a vacina\u00e7\u00e3o em Lajeado ser\u00e1 exclusiva para crian\u00e7as de 5 a 11 anos completos e ocorrer\u00e1 no CAPS Adulto, das 8h \u00e0s 14h.\u00a0 Ou seja, no s\u00e1bado n\u00e3o haver\u00e1 vacina\u00e7\u00e3o de adolescentes (pessoas entre 12 e 17 anos) e nem de adultos (pessoas maiores de 18 anos).\u00a0\u00a0<\/p>\n\n\n\n<p>Para facilitar o acesso ao local de vacina\u00e7\u00e3o, exclusivamente no s\u00e1bado, a vacina\u00e7\u00e3o das crian\u00e7as ocorrer\u00e1 no CAPS Adulto (nos demais dias da semana a vacina\u00e7\u00e3o das crian\u00e7as segue ocorrendo no Posto de Sa\u00fade do Montanha).<\/p>\n\n\n\n<p>Para a vacina\u00e7\u00e3o, as crian\u00e7as devem estar acompanhadas dos pais ou respons\u00e1veis. Caso outra pessoa levar a crian\u00e7a, que n\u00e3o seja o pai ou a m\u00e3e, \u00e9 necess\u00e1rio a apresenta\u00e7\u00e3o de um termo de responsabilidade.&nbsp;<a href=\"https:\/\/www.lajeado.rs.gov.br\/arquivos\/download_anexo\/Autoriza%C3%A7%C3%A3o%20de%20respons%C3%A1vel%20%281%29.pdf\" rel=\"noreferrer noopener\" target=\"_blank\">Esse termo est\u00e1 dispon\u00edvel aqui para download aqui<\/a>&nbsp;e deve estar pronto para entrega no momento da vacina\u00e7\u00e3o.<\/p>\n\n\n\n<p>Os documentos necess\u00e1rios para a vacina\u00e7\u00e3o s\u00e3o: documentos de identifica\u00e7\u00e3o do respons\u00e1vel que estiver acompanhando a crian\u00e7a, a carteirinha de vacina\u00e7\u00e3o da crian\u00e7a e o documento de identifica\u00e7\u00e3o da crian\u00e7a.<\/p>\n\n\n\n<p>A vacina\u00e7\u00e3o dos adultos e adolescentes retoma na segunda-feira (21\/2), no CAPS Adulto, das 8h \u00e0s 15h.<\/p>\n","protected":false},"excerpt":{"rendered":"<p>Neste s\u00e1bado (19\/2), acontece o Dia C da vacina\u00e7\u00e3o infantil contra a covid-19 em todo o Estado. Neste dia, a vacina\u00e7\u00e3o em Lajeado ser\u00e1 exclusiva para crian\u00e7as de 5 a 11 anos completos e ocorrer\u00e1 no CAPS Adulto, das 8h \u00e0s 14h.\u00a0 Ou seja, no s\u00e1bado n\u00e3o haver\u00e1 vacina\u00e7\u00e3o de adolescentes (pessoas entre 12 e [&hellip;]<\/p>\n","protected":false},"author":8,"featured_media":98779,"comment_status":"open","ping_status":"open","sticky":false,"template":"","format":"standard","meta":{"pmpro_default_level":"","_jetpack_memberships_contains_paid_content":false,"footnotes":""},"categories":[2,3],"tags":[5707,27,7937],"class_list":{"0":"post-98778","1":"post","2":"type-post","3":"status-publish","4":"format-standard","5":"has-post-thumbnail","7":"category-featured","8":"category-geral","9":"tag-covid-19","10":"tag-lajeado","11":"tag-vacinacao-infantil","12":"pmpro-has-access"},"yoast_head":"<!-- This site is optimized with the Yoast SEO plugin v27.5 - https:\/\/yoast.com\/product\/yoast-seo-wordpress\/ -->\n<title>Dia C da vacina\u00e7\u00e3o infantil contra a covid-19 ocorre neste s\u00e1bado em Lajeado - Folha Popular<\/title>\n<meta name=\"robots\" content=\"index, follow, max-snippet:-1, max-image-preview:large, max-video-preview:-1\" \/>\n<link rel=\"canonical\" href=\"https:\/\/folhapopular.info\/index.php\/2022\/02\/18\/dia-c-da-vacinacao-infantil-contra-a-covid-19-ocorre-neste-sabado-em-lajeado\/\" \/>\n<meta property=\"og:locale\" content=\"pt_BR\" \/>\n<meta property=\"og:type\" content=\"article\" \/>\n<meta property=\"og:title\" content=\"Dia C da vacina\u00e7\u00e3o infantil contra a covid-19 ocorre neste s\u00e1bado em Lajeado - Folha Popular\" \/>\n<meta property=\"og:description\" content=\"Neste s\u00e1bado (19\/2), acontece o Dia C da vacina\u00e7\u00e3o infantil contra a covid-19 em todo o Estado. Neste dia, a vacina\u00e7\u00e3o em Lajeado ser\u00e1 exclusiva para crian\u00e7as de 5 a 11 anos completos e ocorrer\u00e1 no CAPS Adulto, das 8h \u00e0s 14h.\u00a0 Ou seja, no s\u00e1bado n\u00e3o haver\u00e1 vacina\u00e7\u00e3o de adolescentes (pessoas entre 12 e [&hellip;]\" \/>\n<meta property=\"og:url\" content=\"https:\/\/folhapopular.info\/index.php\/2022\/02\/18\/dia-c-da-vacinacao-infantil-contra-a-covid-19-ocorre-neste-sabado-em-lajeado\/\" \/>\n<meta property=\"og:site_name\" content=\"Folha Popular\" \/>\n<meta property=\"article:published_time\" content=\"2022-02-18T17:30:00+00:00\" \/>\n<meta property=\"og:image\" content=\"https:\/\/folhapopular.info\/wp-content\/uploads\/2022\/02\/4-foto-Pietra-Darde-scaled-e1645203630627.jpg\" \/>\n\t<meta property=\"og:image:width\" content=\"800\" \/>\n\t<meta property=\"og:image:height\" content=\"533\" \/>\n\t<meta property=\"og:image:type\" content=\"image\/jpeg\" \/>\n<meta name=\"author\" content=\"Reda\u00e7\u00e3o Folha Popular\" \/>\n<meta name=\"twitter:card\" content=\"summary_large_image\" \/>\n<meta name=\"twitter:label1\" content=\"Escrito por\" \/>\n\t<meta name=\"twitter:data1\" content=\"Reda\u00e7\u00e3o Folha Popular\" \/>\n\t<meta name=\"twitter:label2\" content=\"Est. tempo de leitura\" \/>\n\t<meta name=\"twitter:data2\" content=\"2 minutos\" \/>\n<script type=\"application\/ld+json\" class=\"yoast-schema-graph\">{\"@context\":\"https:\\\/\\\/schema.org\",\"@graph\":[{\"@type\":\"Article\",\"@id\":\"https:\\\/\\\/folhapopular.info\\\/index.php\\\/2022\\\/02\\\/18\\\/dia-c-da-vacinacao-infantil-contra-a-covid-19-ocorre-neste-sabado-em-lajeado\\\/#article\",\"isPartOf\":{\"@id\":\"https:\\\/\\\/folhapopular.info\\\/index.php\\\/2022\\\/02\\\/18\\\/dia-c-da-vacinacao-infantil-contra-a-covid-19-ocorre-neste-sabado-em-lajeado\\\/\"},\"author\":{\"name\":\"Reda\u00e7\u00e3o Folha Popular\",\"@id\":\"https:\\\/\\\/folhapopular.info\\\/#\\\/schema\\\/person\\\/2814e8a0df7643585a9ca38bc6eb9d4b\"},\"headline\":\"Dia C da vacina\u00e7\u00e3o infantil contra a covid-19 ocorre neste s\u00e1bado em Lajeado\",\"datePublished\":\"2022-02-18T17:30:00+00:00\",\"mainEntityOfPage\":{\"@id\":\"https:\\\/\\\/folhapopular.info\\\/index.php\\\/2022\\\/02\\\/18\\\/dia-c-da-vacinacao-infantil-contra-a-covid-19-ocorre-neste-sabado-em-lajeado\\\/\"},\"wordCount\":246,\"commentCount\":0,\"image\":{\"@id\":\"https:\\\/\\\/folhapopular.info\\\/index.php\\\/2022\\\/02\\\/18\\\/dia-c-da-vacinacao-infantil-contra-a-covid-19-ocorre-neste-sabado-em-lajeado\\\/#primaryimage\"},\"thumbnailUrl\":\"https:\\\/\\\/folhapopular.info\\\/wp-content\\\/uploads\\\/2022\\\/02\\\/4-foto-Pietra-Darde-scaled-e1645203630627.jpg\",\"keywords\":[\"Covid-19\",\"Lajeado\",\"Vacina\u00e7\u00e3o infantil\"],\"articleSection\":[\"Destaques\",\"Geral\"],\"inLanguage\":\"pt-BR\",\"potentialAction\":[{\"@type\":\"CommentAction\",\"name\":\"Comment\",\"target\":[\"https:\\\/\\\/folhapopular.info\\\/index.php\\\/2022\\\/02\\\/18\\\/dia-c-da-vacinacao-infantil-contra-a-covid-19-ocorre-neste-sabado-em-lajeado\\\/#respond\"]}]},{\"@type\":\"WebPage\",\"@id\":\"https:\\\/\\\/folhapopular.info\\\/index.php\\\/2022\\\/02\\\/18\\\/dia-c-da-vacinacao-infantil-contra-a-covid-19-ocorre-neste-sabado-em-lajeado\\\/\",\"url\":\"https:\\\/\\\/folhapopular.info\\\/index.php\\\/2022\\\/02\\\/18\\\/dia-c-da-vacinacao-infantil-contra-a-covid-19-ocorre-neste-sabado-em-lajeado\\\/\",\"name\":\"Dia C da vacina\u00e7\u00e3o infantil contra a covid-19 ocorre neste s\u00e1bado em Lajeado - Folha Popular\",\"isPartOf\":{\"@id\":\"https:\\\/\\\/folhapopular.info\\\/#website\"},\"primaryImageOfPage\":{\"@id\":\"https:\\\/\\\/folhapopular.info\\\/index.php\\\/2022\\\/02\\\/18\\\/dia-c-da-vacinacao-infantil-contra-a-covid-19-ocorre-neste-sabado-em-lajeado\\\/#primaryimage\"},\"image\":{\"@id\":\"https:\\\/\\\/folhapopular.info\\\/index.php\\\/2022\\\/02\\\/18\\\/dia-c-da-vacinacao-infantil-contra-a-covid-19-ocorre-neste-sabado-em-lajeado\\\/#primaryimage\"},\"thumbnailUrl\":\"https:\\\/\\\/folhapopular.info\\\/wp-content\\\/uploads\\\/2022\\\/02\\\/4-foto-Pietra-Darde-scaled-e1645203630627.jpg\",\"datePublished\":\"2022-02-18T17:30:00+00:00\",\"author\":{\"@id\":\"https:\\\/\\\/folhapopular.info\\\/#\\\/schema\\\/person\\\/2814e8a0df7643585a9ca38bc6eb9d4b\"},\"breadcrumb\":{\"@id\":\"https:\\\/\\\/folhapopular.info\\\/index.php\\\/2022\\\/02\\\/18\\\/dia-c-da-vacinacao-infantil-contra-a-covid-19-ocorre-neste-sabado-em-lajeado\\\/#breadcrumb\"},\"inLanguage\":\"pt-BR\",\"potentialAction\":[{\"@type\":\"ReadAction\",\"target\":[\"https:\\\/\\\/folhapopular.info\\\/index.php\\\/2022\\\/02\\\/18\\\/dia-c-da-vacinacao-infantil-contra-a-covid-19-ocorre-neste-sabado-em-lajeado\\\/\"]}]},{\"@type\":\"ImageObject\",\"inLanguage\":\"pt-BR\",\"@id\":\"https:\\\/\\\/folhapopular.info\\\/index.php\\\/2022\\\/02\\\/18\\\/dia-c-da-vacinacao-infantil-contra-a-covid-19-ocorre-neste-sabado-em-lajeado\\\/#primaryimage\",\"url\":\"https:\\\/\\\/folhapopular.info\\\/wp-content\\\/uploads\\\/2022\\\/02\\\/4-foto-Pietra-Darde-scaled-e1645203630627.jpg\",\"contentUrl\":\"https:\\\/\\\/folhapopular.info\\\/wp-content\\\/uploads\\\/2022\\\/02\\\/4-foto-Pietra-Darde-scaled-e1645203630627.jpg\",\"width\":800,\"height\":533,\"caption\":\"Cr\u00e9dito da foto: Divulga\u00e7\u00e3o\"},{\"@type\":\"BreadcrumbList\",\"@id\":\"https:\\\/\\\/folhapopular.info\\\/index.php\\\/2022\\\/02\\\/18\\\/dia-c-da-vacinacao-infantil-contra-a-covid-19-ocorre-neste-sabado-em-lajeado\\\/#breadcrumb\",\"itemListElement\":[{\"@type\":\"ListItem\",\"position\":1,\"name\":\"In\u00edcio\",\"item\":\"https:\\\/\\\/folhapopular.info\\\/\"},{\"@type\":\"ListItem\",\"position\":2,\"name\":\"Dia C da vacina\u00e7\u00e3o infantil contra a covid-19 ocorre neste s\u00e1bado em Lajeado\"}]},{\"@type\":\"WebSite\",\"@id\":\"https:\\\/\\\/folhapopular.info\\\/#website\",\"url\":\"https:\\\/\\\/folhapopular.info\\\/\",\"name\":\"Folha Popular\",\"description\":\"Onde voc\u00ea tem vez e voz\",\"potentialAction\":[{\"@type\":\"SearchAction\",\"target\":{\"@type\":\"EntryPoint\",\"urlTemplate\":\"https:\\\/\\\/folhapopular.info\\\/?s={search_term_string}\"},\"query-input\":{\"@type\":\"PropertyValueSpecification\",\"valueRequired\":true,\"valueName\":\"search_term_string\"}}],\"inLanguage\":\"pt-BR\"},{\"@type\":\"Person\",\"@id\":\"https:\\\/\\\/folhapopular.info\\\/#\\\/schema\\\/person\\\/2814e8a0df7643585a9ca38bc6eb9d4b\",\"name\":\"Reda\u00e7\u00e3o Folha Popular\",\"image\":{\"@type\":\"ImageObject\",\"inLanguage\":\"pt-BR\",\"@id\":\"https:\\\/\\\/folhapopular.info\\\/wp-content\\\/uploads\\\/2026\\\/04\\\/Folha-1.webp\",\"url\":\"https:\\\/\\\/folhapopular.info\\\/wp-content\\\/uploads\\\/2026\\\/04\\\/Folha-1.webp\",\"contentUrl\":\"https:\\\/\\\/folhapopular.info\\\/wp-content\\\/uploads\\\/2026\\\/04\\\/Folha-1.webp\",\"caption\":\"Reda\u00e7\u00e3o Folha Popular\"},\"url\":\"https:\\\/\\\/folhapopular.info\\\/index.php\\\/author\\\/redacao\\\/\"}]}<\/script>\n<!-- \/ Yoast SEO plugin. -->","yoast_head_json":{"title":"Dia C da vacina\u00e7\u00e3o infantil contra a covid-19 ocorre neste s\u00e1bado em Lajeado - Folha Popular","robots":{"index":"index","follow":"follow","max-snippet":"max-snippet:-1","max-image-preview":"max-image-preview:large","max-video-preview":"max-video-preview:-1"},"canonical":"https:\/\/folhapopular.info\/index.php\/2022\/02\/18\/dia-c-da-vacinacao-infantil-contra-a-covid-19-ocorre-neste-sabado-em-lajeado\/","og_locale":"pt_BR","og_type":"article","og_title":"Dia C da vacina\u00e7\u00e3o infantil contra a covid-19 ocorre neste s\u00e1bado em Lajeado - Folha Popular","og_description":"Neste s\u00e1bado (19\/2), acontece o Dia C da vacina\u00e7\u00e3o infantil contra a covid-19 em todo o Estado. Neste dia, a vacina\u00e7\u00e3o em Lajeado ser\u00e1 exclusiva para crian\u00e7as de 5 a 11 anos completos e ocorrer\u00e1 no CAPS Adulto, das 8h \u00e0s 14h.\u00a0 Ou seja, no s\u00e1bado n\u00e3o haver\u00e1 vacina\u00e7\u00e3o de adolescentes (pessoas entre 12 e [&hellip;]","og_url":"https:\/\/folhapopular.info\/index.php\/2022\/02\/18\/dia-c-da-vacinacao-infantil-contra-a-covid-19-ocorre-neste-sabado-em-lajeado\/","og_site_name":"Folha Popular","article_published_time":"2022-02-18T17:30:00+00:00","og_image":[{"width":800,"height":533,"url":"https:\/\/folhapopular.info\/wp-content\/uploads\/2022\/02\/4-foto-Pietra-Darde-scaled-e1645203630627.jpg","type":"image\/jpeg"}],"author":"Reda\u00e7\u00e3o Folha Popular","twitter_card":"summary_large_image","twitter_misc":{"Escrito por":"Reda\u00e7\u00e3o Folha Popular","Est. tempo de leitura":"2 minutos"},"schema":{"@context":"https:\/\/schema.org","@graph":[{"@type":"Article","@id":"https:\/\/folhapopular.info\/index.php\/2022\/02\/18\/dia-c-da-vacinacao-infantil-contra-a-covid-19-ocorre-neste-sabado-em-lajeado\/#article","isPartOf":{"@id":"https:\/\/folhapopular.info\/index.php\/2022\/02\/18\/dia-c-da-vacinacao-infantil-contra-a-covid-19-ocorre-neste-sabado-em-lajeado\/"},"author":{"name":"Reda\u00e7\u00e3o Folha Popular","@id":"https:\/\/folhapopular.info\/#\/schema\/person\/2814e8a0df7643585a9ca38bc6eb9d4b"},"headline":"Dia C da vacina\u00e7\u00e3o infantil contra a covid-19 ocorre neste s\u00e1bado em Lajeado","datePublished":"2022-02-18T17:30:00+00:00","mainEntityOfPage":{"@id":"https:\/\/folhapopular.info\/index.php\/2022\/02\/18\/dia-c-da-vacinacao-infantil-contra-a-covid-19-ocorre-neste-sabado-em-lajeado\/"},"wordCount":246,"commentCount":0,"image":{"@id":"https:\/\/folhapopular.info\/index.php\/2022\/02\/18\/dia-c-da-vacinacao-infantil-contra-a-covid-19-ocorre-neste-sabado-em-lajeado\/#primaryimage"},"thumbnailUrl":"https:\/\/folhapopular.info\/wp-content\/uploads\/2022\/02\/4-foto-Pietra-Darde-scaled-e1645203630627.jpg","keywords":["Covid-19","Lajeado","Vacina\u00e7\u00e3o infantil"],"articleSection":["Destaques","Geral"],"inLanguage":"pt-BR","potentialAction":[{"@type":"CommentAction","name":"Comment","target":["https:\/\/folhapopular.info\/index.php\/2022\/02\/18\/dia-c-da-vacinacao-infantil-contra-a-covid-19-ocorre-neste-sabado-em-lajeado\/#respond"]}]},{"@type":"WebPage","@id":"https:\/\/folhapopular.info\/index.php\/2022\/02\/18\/dia-c-da-vacinacao-infantil-contra-a-covid-19-ocorre-neste-sabado-em-lajeado\/","url":"https:\/\/folhapopular.info\/index.php\/2022\/02\/18\/dia-c-da-vacinacao-infantil-contra-a-covid-19-ocorre-neste-sabado-em-lajeado\/","name":"Dia C da vacina\u00e7\u00e3o infantil contra a covid-19 ocorre neste s\u00e1bado em Lajeado - Folha Popular","isPartOf":{"@id":"https:\/\/folhapopular.info\/#website"},"primaryImageOfPage":{"@id":"https:\/\/folhapopular.info\/index.php\/2022\/02\/18\/dia-c-da-vacinacao-infantil-contra-a-covid-19-ocorre-neste-sabado-em-lajeado\/#primaryimage"},"image":{"@id":"https:\/\/folhapopular.info\/index.php\/2022\/02\/18\/dia-c-da-vacinacao-infantil-contra-a-covid-19-ocorre-neste-sabado-em-lajeado\/#primaryimage"},"thumbnailUrl":"https:\/\/folhapopular.info\/wp-content\/uploads\/2022\/02\/4-foto-Pietra-Darde-scaled-e1645203630627.jpg","datePublished":"2022-02-18T17:30:00+00:00","author":{"@id":"https:\/\/folhapopular.info\/#\/schema\/person\/2814e8a0df7643585a9ca38bc6eb9d4b"},"breadcrumb":{"@id":"https:\/\/folhapopular.info\/index.php\/2022\/02\/18\/dia-c-da-vacinacao-infantil-contra-a-covid-19-ocorre-neste-sabado-em-lajeado\/#breadcrumb"},"inLanguage":"pt-BR","potentialAction":[{"@type":"ReadAction","target":["https:\/\/folhapopular.info\/index.php\/2022\/02\/18\/dia-c-da-vacinacao-infantil-contra-a-covid-19-ocorre-neste-sabado-em-lajeado\/"]}]},{"@type":"ImageObject","inLanguage":"pt-BR","@id":"https:\/\/folhapopular.info\/index.php\/2022\/02\/18\/dia-c-da-vacinacao-infantil-contra-a-covid-19-ocorre-neste-sabado-em-lajeado\/#primaryimage","url":"https:\/\/folhapopular.info\/wp-content\/uploads\/2022\/02\/4-foto-Pietra-Darde-scaled-e1645203630627.jpg","contentUrl":"https:\/\/folhapopular.info\/wp-content\/uploads\/2022\/02\/4-foto-Pietra-Darde-scaled-e1645203630627.jpg","width":800,"height":533,"caption":"Cr\u00e9dito da foto: Divulga\u00e7\u00e3o"},{"@type":"BreadcrumbList","@id":"https:\/\/folhapopular.info\/index.php\/2022\/02\/18\/dia-c-da-vacinacao-infantil-contra-a-covid-19-ocorre-neste-sabado-em-lajeado\/#breadcrumb","itemListElement":[{"@type":"ListItem","position":1,"name":"In\u00edcio","item":"https:\/\/folhapopular.info\/"},{"@type":"ListItem","position":2,"name":"Dia C da vacina\u00e7\u00e3o infantil contra a covid-19 ocorre neste s\u00e1bado em Lajeado"}]},{"@type":"WebSite","@id":"https:\/\/folhapopular.info\/#website","url":"https:\/\/folhapopular.info\/","name":"Folha Popular","description":"Onde voc\u00ea tem vez e voz","potentialAction":[{"@type":"SearchAction","target":{"@type":"EntryPoint","urlTemplate":"https:\/\/folhapopular.info\/?s={search_term_string}"},"query-input":{"@type":"PropertyValueSpecification","valueRequired":true,"valueName":"search_term_string"}}],"inLanguage":"pt-BR"},{"@type":"Person","@id":"https:\/\/folhapopular.info\/#\/schema\/person\/2814e8a0df7643585a9ca38bc6eb9d4b","name":"Reda\u00e7\u00e3o Folha Popular","image":{"@type":"ImageObject","inLanguage":"pt-BR","@id":"https:\/\/folhapopular.info\/wp-content\/uploads\/2026\/04\/Folha-1.webp","url":"https:\/\/folhapopular.info\/wp-content\/uploads\/2026\/04\/Folha-1.webp","contentUrl":"https:\/\/folhapopular.info\/wp-content\/uploads\/2026\/04\/Folha-1.webp","caption":"Reda\u00e7\u00e3o Folha Popular"},"url":"https:\/\/folhapopular.info\/index.php\/author\/redacao\/"}]}},"jetpack_featured_media_url":"https:\/\/folhapopular.info\/wp-content\/uploads\/2022\/02\/4-foto-Pietra-Darde-scaled-e1645203630627.jpg","jetpack_sharing_enabled":true,"amp_enabled":true,"_links":{"self":[{"href":"https:\/\/folhapopular.info\/index.php\/wp-json\/wp\/v2\/posts\/98778","targetHints":{"allow":["GET"]}}],"collection":[{"href":"https:\/\/folhapopular.info\/index.php\/wp-json\/wp\/v2\/posts"}],"about":[{"href":"https:\/\/folhapopular.info\/index.php\/wp-json\/wp\/v2\/types\/post"}],"author":[{"embeddable":true,"href":"https:\/\/folhapopular.info\/index.php\/wp-json\/wp\/v2\/users\/8"}],"replies":[{"embeddable":true,"href":"https:\/\/folhapopular.info\/index.php\/wp-json\/wp\/v2\/comments?post=98778"}],"version-history":[{"count":0,"href":"https:\/\/folhapopular.info\/index.php\/wp-json\/wp\/v2\/posts\/98778\/revisions"}],"wp:featuredmedia":[{"embeddable":true,"href":"https:\/\/folhapopular.info\/index.php\/wp-json\/wp\/v2\/media\/98779"}],"wp:attachment":[{"href":"https:\/\/folhapopular.info\/index.php\/wp-json\/wp\/v2\/media?parent=98778"}],"wp:term":[{"taxonomy":"category","embeddable":true,"href":"https:\/\/folhapopular.info\/index.php\/wp-json\/wp\/v2\/categories?post=98778"},{"taxonomy":"post_tag","embeddable":true,"href":"https:\/\/folhapopular.info\/index.php\/wp-json\/wp\/v2\/tags?post=98778"}],"curies":[{"name":"wp","href":"https:\/\/api.w.org\/{rel}","templated":true}]}}