{"id":98925,"date":"2022-02-21T14:30:30","date_gmt":"2022-02-21T17:30:30","guid":{"rendered":"https:\/\/folhapopular.info\/?p=98925"},"modified":"2022-02-21T14:30:35","modified_gmt":"2022-02-21T17:30:35","slug":"dia-c-da-vacinacao-infantil-contra-a-covid-19-imuniza-68-criancas-em-fazenda-vilanova","status":"publish","type":"post","link":"https:\/\/folhapopular.info\/index.php\/2022\/02\/21\/dia-c-da-vacinacao-infantil-contra-a-covid-19-imuniza-68-criancas-em-fazenda-vilanova\/","title":{"rendered":"Dia C da vacina\u00e7\u00e3o infantil contra a covid-19 imuniza 68 crian\u00e7as em Fazenda Vilanova"},"content":{"rendered":"\n<p>A Secretaria Municipal da Sa\u00fade de Fazenda Vilanova avaliou positivamente o <meta http-equiv=\"content-type\" content=\"text\/html; charset=utf-8\">Dia C da vacina\u00e7\u00e3o das crian\u00e7as de 5 a 11 anos contra a covid-19, realizado no s\u00e1bado (19\/2). A secret\u00e1ria-adjunta Alini Silva informou que 68 crian\u00e7as receberam a imuniza\u00e7\u00e3o. A recep\u00e7\u00e3o \u00e0s crian\u00e7as contou com vacinadores vestidos de personagens de desenho animado e com um espa\u00e7o especial para esperar os 20 minutos p\u00f3s-vacina, protocolares nesta etapa. No local haviam mesas e material para desenhar. A professora Gabriela Toneser e a estudante Sthefany Seben dos Anjos se disponibilizaram voluntariamente e deixaram o dia da crian\u00e7ada ainda mais colorido e animado, com atividades de recrea\u00e7\u00e3o, pintura facial e das unhas. Na sa\u00edda todos receberam o Certificado de Coragem.<br><\/p>\n\n\n\n<div class=\"wp-block-jetpack-slideshow aligncenter\" data-effect=\"slide\"><div class=\"wp-block-jetpack-slideshow_container swiper-container\"><ul class=\"wp-block-jetpack-slideshow_swiper-wrapper swiper-wrapper\"><li class=\"wp-block-jetpack-slideshow_slide swiper-slide\"><figure><img loading=\"lazy\" decoding=\"async\" width=\"1024\" height=\"576\" alt=\"\" class=\"wp-block-jetpack-slideshow_image wp-image-98930\" data-id=\"98930\" src=\"https:\/\/folhapopular.info\/wp-content\/uploads\/2022\/02\/WhatsApp-Image-2022-02-21-at-13.30.53-1-1024x576.jpeg\"\/><figcaption class=\"wp-block-jetpack-slideshow_caption gallery-caption\">Cr\u00e9dito da foto: Prefeitura de Fazenda Vilanova \/ Divulga\u00e7\u00e3o<\/figcaption><\/figure><\/li><li class=\"wp-block-jetpack-slideshow_slide swiper-slide\"><figure><img loading=\"lazy\" decoding=\"async\" width=\"576\" height=\"1024\" alt=\"\" class=\"wp-block-jetpack-slideshow_image wp-image-98931\" data-id=\"98931\" src=\"https:\/\/folhapopular.info\/wp-content\/uploads\/2022\/02\/WhatsApp-Image-2022-02-21-at-13.30.54-576x1024.jpeg\"\/><figcaption class=\"wp-block-jetpack-slideshow_caption gallery-caption\">Cr\u00e9dito da foto: Prefeitura de Fazenda Vilanova \/ Divulga\u00e7\u00e3o<\/figcaption><\/figure><\/li><\/ul><a class=\"wp-block-jetpack-slideshow_button-prev swiper-button-prev swiper-button-white\" role=\"button\"><\/a><a class=\"wp-block-jetpack-slideshow_button-next swiper-button-next swiper-button-white\" role=\"button\"><\/a><a aria-label=\"Pause Slideshow\" class=\"wp-block-jetpack-slideshow_button-pause\" role=\"button\"><\/a><div class=\"wp-block-jetpack-slideshow_pagination swiper-pagination swiper-pagination-white\"><\/div><\/div><\/div>\n\n\n\n<p>O prefeito Amarildo Luis da Silva acompanhou o in\u00edcio da vacina\u00e7\u00e3o na parte da manh\u00e3 e cumprimentou a equipe pela organiza\u00e7\u00e3o. \u201cNossos profissionais de sa\u00fade est\u00e3o de parab\u00e9ns pelo trabalho e pelo atendimento\u201d, comentou. O coordenador-adjunto da 16\u00aa Coordenadoria Regional de Sa\u00fade, Ederson da Rocha, prestigiou a vacina\u00e7\u00e3o na Unidade B\u00e1sica de Sa\u00fade (UBS).<br><\/p>\n\n\n\n<figure class=\"wp-block-image size-full is-resized\"><img loading=\"lazy\" decoding=\"async\" src=\"https:\/\/folhapopular.info\/wp-content\/uploads\/2022\/02\/WhatsApp-Image-2022-02-21-at-13.30.54-1-e1645462341133.jpeg\" alt=\"\" class=\"wp-image-98934\" width=\"265\" height=\"443\"\/><figcaption>Cr\u00e9dito da foto: Prefeitura de Fazenda<br>Vilanova \/ Divulga\u00e7\u00e3o<\/figcaption><\/figure>\n\n\n\n<p>A vacina\u00e7\u00e3o infantil contra a covid-19 ainda est\u00e1 \u00e0 disposi\u00e7\u00e3o para as crian\u00e7as na UBS, por agendamento. As demais idades tamb\u00e9m podem buscar sua imuniza\u00e7\u00e3o de acordo com o seu calend\u00e1rio vacinal.<\/p>\n","protected":false},"excerpt":{"rendered":"<p>A Secretaria Municipal da Sa\u00fade de Fazenda Vilanova avaliou positivamente o Dia C da vacina\u00e7\u00e3o das crian\u00e7as de 5 a 11 anos contra a covid-19, realizado no s\u00e1bado (19\/2). A secret\u00e1ria-adjunta Alini Silva informou que 68 crian\u00e7as receberam a imuniza\u00e7\u00e3o. A recep\u00e7\u00e3o \u00e0s crian\u00e7as contou com vacinadores vestidos de personagens de desenho animado e com [&hellip;]<\/p>\n","protected":false},"author":8,"featured_media":98929,"comment_status":"open","ping_status":"open","sticky":false,"template":"","format":"standard","meta":{"pmpro_default_level":"","_jetpack_memberships_contains_paid_content":false,"footnotes":""},"categories":[2,3],"tags":[5707,226,801,7937],"class_list":{"0":"post-98925","1":"post","2":"type-post","3":"status-publish","4":"format-standard","5":"has-post-thumbnail","7":"category-featured","8":"category-geral","9":"tag-covid-19","10":"tag-dia-c","11":"tag-fazenda-vilanova","12":"tag-vacinacao-infantil","13":"pmpro-has-access"},"yoast_head":"<!-- This site is optimized with the Yoast SEO plugin v27.5 - https:\/\/yoast.com\/product\/yoast-seo-wordpress\/ -->\n<title>Dia C da vacina\u00e7\u00e3o infantil contra a covid-19 imuniza 68 crian\u00e7as em Fazenda Vilanova - Folha Popular<\/title>\n<meta name=\"robots\" content=\"index, follow, max-snippet:-1, max-image-preview:large, max-video-preview:-1\" \/>\n<link rel=\"canonical\" href=\"https:\/\/folhapopular.info\/index.php\/2022\/02\/21\/dia-c-da-vacinacao-infantil-contra-a-covid-19-imuniza-68-criancas-em-fazenda-vilanova\/\" \/>\n<meta property=\"og:locale\" content=\"pt_BR\" \/>\n<meta property=\"og:type\" content=\"article\" \/>\n<meta property=\"og:title\" content=\"Dia C da vacina\u00e7\u00e3o infantil contra a covid-19 imuniza 68 crian\u00e7as em Fazenda Vilanova - Folha Popular\" \/>\n<meta property=\"og:description\" content=\"A Secretaria Municipal da Sa\u00fade de Fazenda Vilanova avaliou positivamente o Dia C da vacina\u00e7\u00e3o das crian\u00e7as de 5 a 11 anos contra a covid-19, realizado no s\u00e1bado (19\/2). A secret\u00e1ria-adjunta Alini Silva informou que 68 crian\u00e7as receberam a imuniza\u00e7\u00e3o. A recep\u00e7\u00e3o \u00e0s crian\u00e7as contou com vacinadores vestidos de personagens de desenho animado e com [&hellip;]\" \/>\n<meta property=\"og:url\" content=\"https:\/\/folhapopular.info\/index.php\/2022\/02\/21\/dia-c-da-vacinacao-infantil-contra-a-covid-19-imuniza-68-criancas-em-fazenda-vilanova\/\" \/>\n<meta property=\"og:site_name\" content=\"Folha Popular\" \/>\n<meta property=\"article:published_time\" content=\"2022-02-21T17:30:30+00:00\" \/>\n<meta property=\"article:modified_time\" content=\"2022-02-21T17:30:35+00:00\" \/>\n<meta property=\"og:image\" content=\"http:\/\/folhapopular.info\/wp-content\/uploads\/2022\/02\/WhatsApp-Image-2022-02-21-at-13.30.53-e1645461966615.jpeg\" \/>\n\t<meta property=\"og:image:width\" content=\"800\" \/>\n\t<meta property=\"og:image:height\" content=\"379\" \/>\n\t<meta property=\"og:image:type\" content=\"image\/jpeg\" \/>\n<meta name=\"author\" content=\"Reda\u00e7\u00e3o Folha Popular\" \/>\n<meta name=\"twitter:card\" content=\"summary_large_image\" \/>\n<meta name=\"twitter:label1\" content=\"Escrito por\" \/>\n\t<meta name=\"twitter:data1\" content=\"Reda\u00e7\u00e3o Folha Popular\" \/>\n\t<meta name=\"twitter:label2\" content=\"Est. tempo de leitura\" \/>\n\t<meta name=\"twitter:data2\" content=\"2 minutos\" \/>\n<script type=\"application\/ld+json\" class=\"yoast-schema-graph\">{\"@context\":\"https:\\\/\\\/schema.org\",\"@graph\":[{\"@type\":\"Article\",\"@id\":\"https:\\\/\\\/folhapopular.info\\\/index.php\\\/2022\\\/02\\\/21\\\/dia-c-da-vacinacao-infantil-contra-a-covid-19-imuniza-68-criancas-em-fazenda-vilanova\\\/#article\",\"isPartOf\":{\"@id\":\"https:\\\/\\\/folhapopular.info\\\/index.php\\\/2022\\\/02\\\/21\\\/dia-c-da-vacinacao-infantil-contra-a-covid-19-imuniza-68-criancas-em-fazenda-vilanova\\\/\"},\"author\":{\"name\":\"Reda\u00e7\u00e3o Folha Popular\",\"@id\":\"https:\\\/\\\/folhapopular.info\\\/#\\\/schema\\\/person\\\/2814e8a0df7643585a9ca38bc6eb9d4b\"},\"headline\":\"Dia C da vacina\u00e7\u00e3o infantil contra a covid-19 imuniza 68 crian\u00e7as em Fazenda Vilanova\",\"datePublished\":\"2022-02-21T17:30:30+00:00\",\"dateModified\":\"2022-02-21T17:30:35+00:00\",\"mainEntityOfPage\":{\"@id\":\"https:\\\/\\\/folhapopular.info\\\/index.php\\\/2022\\\/02\\\/21\\\/dia-c-da-vacinacao-infantil-contra-a-covid-19-imuniza-68-criancas-em-fazenda-vilanova\\\/\"},\"wordCount\":270,\"commentCount\":0,\"image\":{\"@id\":\"https:\\\/\\\/folhapopular.info\\\/index.php\\\/2022\\\/02\\\/21\\\/dia-c-da-vacinacao-infantil-contra-a-covid-19-imuniza-68-criancas-em-fazenda-vilanova\\\/#primaryimage\"},\"thumbnailUrl\":\"https:\\\/\\\/folhapopular.info\\\/wp-content\\\/uploads\\\/2022\\\/02\\\/WhatsApp-Image-2022-02-21-at-13.30.53-e1645461966615.jpeg\",\"keywords\":[\"Covid-19\",\"Dia C\",\"Fazenda Vilanova\",\"Vacina\u00e7\u00e3o infantil\"],\"articleSection\":[\"Destaques\",\"Geral\"],\"inLanguage\":\"pt-BR\",\"potentialAction\":[{\"@type\":\"CommentAction\",\"name\":\"Comment\",\"target\":[\"https:\\\/\\\/folhapopular.info\\\/index.php\\\/2022\\\/02\\\/21\\\/dia-c-da-vacinacao-infantil-contra-a-covid-19-imuniza-68-criancas-em-fazenda-vilanova\\\/#respond\"]}]},{\"@type\":\"WebPage\",\"@id\":\"https:\\\/\\\/folhapopular.info\\\/index.php\\\/2022\\\/02\\\/21\\\/dia-c-da-vacinacao-infantil-contra-a-covid-19-imuniza-68-criancas-em-fazenda-vilanova\\\/\",\"url\":\"https:\\\/\\\/folhapopular.info\\\/index.php\\\/2022\\\/02\\\/21\\\/dia-c-da-vacinacao-infantil-contra-a-covid-19-imuniza-68-criancas-em-fazenda-vilanova\\\/\",\"name\":\"Dia C da vacina\u00e7\u00e3o infantil contra a covid-19 imuniza 68 crian\u00e7as em Fazenda Vilanova - Folha Popular\",\"isPartOf\":{\"@id\":\"https:\\\/\\\/folhapopular.info\\\/#website\"},\"primaryImageOfPage\":{\"@id\":\"https:\\\/\\\/folhapopular.info\\\/index.php\\\/2022\\\/02\\\/21\\\/dia-c-da-vacinacao-infantil-contra-a-covid-19-imuniza-68-criancas-em-fazenda-vilanova\\\/#primaryimage\"},\"image\":{\"@id\":\"https:\\\/\\\/folhapopular.info\\\/index.php\\\/2022\\\/02\\\/21\\\/dia-c-da-vacinacao-infantil-contra-a-covid-19-imuniza-68-criancas-em-fazenda-vilanova\\\/#primaryimage\"},\"thumbnailUrl\":\"https:\\\/\\\/folhapopular.info\\\/wp-content\\\/uploads\\\/2022\\\/02\\\/WhatsApp-Image-2022-02-21-at-13.30.53-e1645461966615.jpeg\",\"datePublished\":\"2022-02-21T17:30:30+00:00\",\"dateModified\":\"2022-02-21T17:30:35+00:00\",\"author\":{\"@id\":\"https:\\\/\\\/folhapopular.info\\\/#\\\/schema\\\/person\\\/2814e8a0df7643585a9ca38bc6eb9d4b\"},\"breadcrumb\":{\"@id\":\"https:\\\/\\\/folhapopular.info\\\/index.php\\\/2022\\\/02\\\/21\\\/dia-c-da-vacinacao-infantil-contra-a-covid-19-imuniza-68-criancas-em-fazenda-vilanova\\\/#breadcrumb\"},\"inLanguage\":\"pt-BR\",\"potentialAction\":[{\"@type\":\"ReadAction\",\"target\":[\"https:\\\/\\\/folhapopular.info\\\/index.php\\\/2022\\\/02\\\/21\\\/dia-c-da-vacinacao-infantil-contra-a-covid-19-imuniza-68-criancas-em-fazenda-vilanova\\\/\"]}]},{\"@type\":\"ImageObject\",\"inLanguage\":\"pt-BR\",\"@id\":\"https:\\\/\\\/folhapopular.info\\\/index.php\\\/2022\\\/02\\\/21\\\/dia-c-da-vacinacao-infantil-contra-a-covid-19-imuniza-68-criancas-em-fazenda-vilanova\\\/#primaryimage\",\"url\":\"https:\\\/\\\/folhapopular.info\\\/wp-content\\\/uploads\\\/2022\\\/02\\\/WhatsApp-Image-2022-02-21-at-13.30.53-e1645461966615.jpeg\",\"contentUrl\":\"https:\\\/\\\/folhapopular.info\\\/wp-content\\\/uploads\\\/2022\\\/02\\\/WhatsApp-Image-2022-02-21-at-13.30.53-e1645461966615.jpeg\",\"width\":800,\"height\":379,\"caption\":\"Vacina\u00e7\u00e3o das crian\u00e7as de 5 a 11 anos em Fazenda Vilanova \\\/ Cr\u00e9dito da foto: Prefeitura de Fazenda Vilanova \\\/ Divulga\u00e7\u00e3o\"},{\"@type\":\"BreadcrumbList\",\"@id\":\"https:\\\/\\\/folhapopular.info\\\/index.php\\\/2022\\\/02\\\/21\\\/dia-c-da-vacinacao-infantil-contra-a-covid-19-imuniza-68-criancas-em-fazenda-vilanova\\\/#breadcrumb\",\"itemListElement\":[{\"@type\":\"ListItem\",\"position\":1,\"name\":\"In\u00edcio\",\"item\":\"https:\\\/\\\/folhapopular.info\\\/\"},{\"@type\":\"ListItem\",\"position\":2,\"name\":\"Dia C da vacina\u00e7\u00e3o infantil contra a covid-19 imuniza 68 crian\u00e7as em Fazenda Vilanova\"}]},{\"@type\":\"WebSite\",\"@id\":\"https:\\\/\\\/folhapopular.info\\\/#website\",\"url\":\"https:\\\/\\\/folhapopular.info\\\/\",\"name\":\"Folha Popular\",\"description\":\"Onde voc\u00ea tem vez e voz\",\"potentialAction\":[{\"@type\":\"SearchAction\",\"target\":{\"@type\":\"EntryPoint\",\"urlTemplate\":\"https:\\\/\\\/folhapopular.info\\\/?s={search_term_string}\"},\"query-input\":{\"@type\":\"PropertyValueSpecification\",\"valueRequired\":true,\"valueName\":\"search_term_string\"}}],\"inLanguage\":\"pt-BR\"},{\"@type\":\"Person\",\"@id\":\"https:\\\/\\\/folhapopular.info\\\/#\\\/schema\\\/person\\\/2814e8a0df7643585a9ca38bc6eb9d4b\",\"name\":\"Reda\u00e7\u00e3o Folha Popular\",\"image\":{\"@type\":\"ImageObject\",\"inLanguage\":\"pt-BR\",\"@id\":\"https:\\\/\\\/folhapopular.info\\\/wp-content\\\/uploads\\\/2026\\\/04\\\/Folha-1.webp\",\"url\":\"https:\\\/\\\/folhapopular.info\\\/wp-content\\\/uploads\\\/2026\\\/04\\\/Folha-1.webp\",\"contentUrl\":\"https:\\\/\\\/folhapopular.info\\\/wp-content\\\/uploads\\\/2026\\\/04\\\/Folha-1.webp\",\"caption\":\"Reda\u00e7\u00e3o Folha Popular\"},\"url\":\"https:\\\/\\\/folhapopular.info\\\/index.php\\\/author\\\/redacao\\\/\"}]}<\/script>\n<!-- \/ Yoast SEO plugin. -->","yoast_head_json":{"title":"Dia C da vacina\u00e7\u00e3o infantil contra a covid-19 imuniza 68 crian\u00e7as em Fazenda Vilanova - Folha Popular","robots":{"index":"index","follow":"follow","max-snippet":"max-snippet:-1","max-image-preview":"max-image-preview:large","max-video-preview":"max-video-preview:-1"},"canonical":"https:\/\/folhapopular.info\/index.php\/2022\/02\/21\/dia-c-da-vacinacao-infantil-contra-a-covid-19-imuniza-68-criancas-em-fazenda-vilanova\/","og_locale":"pt_BR","og_type":"article","og_title":"Dia C da vacina\u00e7\u00e3o infantil contra a covid-19 imuniza 68 crian\u00e7as em Fazenda Vilanova - Folha Popular","og_description":"A Secretaria Municipal da Sa\u00fade de Fazenda Vilanova avaliou positivamente o Dia C da vacina\u00e7\u00e3o das crian\u00e7as de 5 a 11 anos contra a covid-19, realizado no s\u00e1bado (19\/2). A secret\u00e1ria-adjunta Alini Silva informou que 68 crian\u00e7as receberam a imuniza\u00e7\u00e3o. A recep\u00e7\u00e3o \u00e0s crian\u00e7as contou com vacinadores vestidos de personagens de desenho animado e com [&hellip;]","og_url":"https:\/\/folhapopular.info\/index.php\/2022\/02\/21\/dia-c-da-vacinacao-infantil-contra-a-covid-19-imuniza-68-criancas-em-fazenda-vilanova\/","og_site_name":"Folha Popular","article_published_time":"2022-02-21T17:30:30+00:00","article_modified_time":"2022-02-21T17:30:35+00:00","og_image":[{"width":800,"height":379,"url":"http:\/\/folhapopular.info\/wp-content\/uploads\/2022\/02\/WhatsApp-Image-2022-02-21-at-13.30.53-e1645461966615.jpeg","type":"image\/jpeg"}],"author":"Reda\u00e7\u00e3o Folha Popular","twitter_card":"summary_large_image","twitter_misc":{"Escrito por":"Reda\u00e7\u00e3o Folha Popular","Est. tempo de leitura":"2 minutos"},"schema":{"@context":"https:\/\/schema.org","@graph":[{"@type":"Article","@id":"https:\/\/folhapopular.info\/index.php\/2022\/02\/21\/dia-c-da-vacinacao-infantil-contra-a-covid-19-imuniza-68-criancas-em-fazenda-vilanova\/#article","isPartOf":{"@id":"https:\/\/folhapopular.info\/index.php\/2022\/02\/21\/dia-c-da-vacinacao-infantil-contra-a-covid-19-imuniza-68-criancas-em-fazenda-vilanova\/"},"author":{"name":"Reda\u00e7\u00e3o Folha Popular","@id":"https:\/\/folhapopular.info\/#\/schema\/person\/2814e8a0df7643585a9ca38bc6eb9d4b"},"headline":"Dia C da vacina\u00e7\u00e3o infantil contra a covid-19 imuniza 68 crian\u00e7as em Fazenda Vilanova","datePublished":"2022-02-21T17:30:30+00:00","dateModified":"2022-02-21T17:30:35+00:00","mainEntityOfPage":{"@id":"https:\/\/folhapopular.info\/index.php\/2022\/02\/21\/dia-c-da-vacinacao-infantil-contra-a-covid-19-imuniza-68-criancas-em-fazenda-vilanova\/"},"wordCount":270,"commentCount":0,"image":{"@id":"https:\/\/folhapopular.info\/index.php\/2022\/02\/21\/dia-c-da-vacinacao-infantil-contra-a-covid-19-imuniza-68-criancas-em-fazenda-vilanova\/#primaryimage"},"thumbnailUrl":"https:\/\/folhapopular.info\/wp-content\/uploads\/2022\/02\/WhatsApp-Image-2022-02-21-at-13.30.53-e1645461966615.jpeg","keywords":["Covid-19","Dia C","Fazenda Vilanova","Vacina\u00e7\u00e3o infantil"],"articleSection":["Destaques","Geral"],"inLanguage":"pt-BR","potentialAction":[{"@type":"CommentAction","name":"Comment","target":["https:\/\/folhapopular.info\/index.php\/2022\/02\/21\/dia-c-da-vacinacao-infantil-contra-a-covid-19-imuniza-68-criancas-em-fazenda-vilanova\/#respond"]}]},{"@type":"WebPage","@id":"https:\/\/folhapopular.info\/index.php\/2022\/02\/21\/dia-c-da-vacinacao-infantil-contra-a-covid-19-imuniza-68-criancas-em-fazenda-vilanova\/","url":"https:\/\/folhapopular.info\/index.php\/2022\/02\/21\/dia-c-da-vacinacao-infantil-contra-a-covid-19-imuniza-68-criancas-em-fazenda-vilanova\/","name":"Dia C da vacina\u00e7\u00e3o infantil contra a covid-19 imuniza 68 crian\u00e7as em Fazenda Vilanova - Folha Popular","isPartOf":{"@id":"https:\/\/folhapopular.info\/#website"},"primaryImageOfPage":{"@id":"https:\/\/folhapopular.info\/index.php\/2022\/02\/21\/dia-c-da-vacinacao-infantil-contra-a-covid-19-imuniza-68-criancas-em-fazenda-vilanova\/#primaryimage"},"image":{"@id":"https:\/\/folhapopular.info\/index.php\/2022\/02\/21\/dia-c-da-vacinacao-infantil-contra-a-covid-19-imuniza-68-criancas-em-fazenda-vilanova\/#primaryimage"},"thumbnailUrl":"https:\/\/folhapopular.info\/wp-content\/uploads\/2022\/02\/WhatsApp-Image-2022-02-21-at-13.30.53-e1645461966615.jpeg","datePublished":"2022-02-21T17:30:30+00:00","dateModified":"2022-02-21T17:30:35+00:00","author":{"@id":"https:\/\/folhapopular.info\/#\/schema\/person\/2814e8a0df7643585a9ca38bc6eb9d4b"},"breadcrumb":{"@id":"https:\/\/folhapopular.info\/index.php\/2022\/02\/21\/dia-c-da-vacinacao-infantil-contra-a-covid-19-imuniza-68-criancas-em-fazenda-vilanova\/#breadcrumb"},"inLanguage":"pt-BR","potentialAction":[{"@type":"ReadAction","target":["https:\/\/folhapopular.info\/index.php\/2022\/02\/21\/dia-c-da-vacinacao-infantil-contra-a-covid-19-imuniza-68-criancas-em-fazenda-vilanova\/"]}]},{"@type":"ImageObject","inLanguage":"pt-BR","@id":"https:\/\/folhapopular.info\/index.php\/2022\/02\/21\/dia-c-da-vacinacao-infantil-contra-a-covid-19-imuniza-68-criancas-em-fazenda-vilanova\/#primaryimage","url":"https:\/\/folhapopular.info\/wp-content\/uploads\/2022\/02\/WhatsApp-Image-2022-02-21-at-13.30.53-e1645461966615.jpeg","contentUrl":"https:\/\/folhapopular.info\/wp-content\/uploads\/2022\/02\/WhatsApp-Image-2022-02-21-at-13.30.53-e1645461966615.jpeg","width":800,"height":379,"caption":"Vacina\u00e7\u00e3o das crian\u00e7as de 5 a 11 anos em Fazenda Vilanova \/ Cr\u00e9dito da foto: Prefeitura de Fazenda Vilanova \/ Divulga\u00e7\u00e3o"},{"@type":"BreadcrumbList","@id":"https:\/\/folhapopular.info\/index.php\/2022\/02\/21\/dia-c-da-vacinacao-infantil-contra-a-covid-19-imuniza-68-criancas-em-fazenda-vilanova\/#breadcrumb","itemListElement":[{"@type":"ListItem","position":1,"name":"In\u00edcio","item":"https:\/\/folhapopular.info\/"},{"@type":"ListItem","position":2,"name":"Dia C da vacina\u00e7\u00e3o infantil contra a covid-19 imuniza 68 crian\u00e7as em Fazenda Vilanova"}]},{"@type":"WebSite","@id":"https:\/\/folhapopular.info\/#website","url":"https:\/\/folhapopular.info\/","name":"Folha Popular","description":"Onde voc\u00ea tem vez e voz","potentialAction":[{"@type":"SearchAction","target":{"@type":"EntryPoint","urlTemplate":"https:\/\/folhapopular.info\/?s={search_term_string}"},"query-input":{"@type":"PropertyValueSpecification","valueRequired":true,"valueName":"search_term_string"}}],"inLanguage":"pt-BR"},{"@type":"Person","@id":"https:\/\/folhapopular.info\/#\/schema\/person\/2814e8a0df7643585a9ca38bc6eb9d4b","name":"Reda\u00e7\u00e3o Folha Popular","image":{"@type":"ImageObject","inLanguage":"pt-BR","@id":"https:\/\/folhapopular.info\/wp-content\/uploads\/2026\/04\/Folha-1.webp","url":"https:\/\/folhapopular.info\/wp-content\/uploads\/2026\/04\/Folha-1.webp","contentUrl":"https:\/\/folhapopular.info\/wp-content\/uploads\/2026\/04\/Folha-1.webp","caption":"Reda\u00e7\u00e3o Folha Popular"},"url":"https:\/\/folhapopular.info\/index.php\/author\/redacao\/"}]}},"jetpack_featured_media_url":"https:\/\/folhapopular.info\/wp-content\/uploads\/2022\/02\/WhatsApp-Image-2022-02-21-at-13.30.53-e1645461966615.jpeg","jetpack_sharing_enabled":true,"amp_enabled":true,"_links":{"self":[{"href":"https:\/\/folhapopular.info\/index.php\/wp-json\/wp\/v2\/posts\/98925","targetHints":{"allow":["GET"]}}],"collection":[{"href":"https:\/\/folhapopular.info\/index.php\/wp-json\/wp\/v2\/posts"}],"about":[{"href":"https:\/\/folhapopular.info\/index.php\/wp-json\/wp\/v2\/types\/post"}],"author":[{"embeddable":true,"href":"https:\/\/folhapopular.info\/index.php\/wp-json\/wp\/v2\/users\/8"}],"replies":[{"embeddable":true,"href":"https:\/\/folhapopular.info\/index.php\/wp-json\/wp\/v2\/comments?post=98925"}],"version-history":[{"count":0,"href":"https:\/\/folhapopular.info\/index.php\/wp-json\/wp\/v2\/posts\/98925\/revisions"}],"wp:featuredmedia":[{"embeddable":true,"href":"https:\/\/folhapopular.info\/index.php\/wp-json\/wp\/v2\/media\/98929"}],"wp:attachment":[{"href":"https:\/\/folhapopular.info\/index.php\/wp-json\/wp\/v2\/media?parent=98925"}],"wp:term":[{"taxonomy":"category","embeddable":true,"href":"https:\/\/folhapopular.info\/index.php\/wp-json\/wp\/v2\/categories?post=98925"},{"taxonomy":"post_tag","embeddable":true,"href":"https:\/\/folhapopular.info\/index.php\/wp-json\/wp\/v2\/tags?post=98925"}],"curies":[{"name":"wp","href":"https:\/\/api.w.org\/{rel}","templated":true}]}}