{"id":99018,"date":"2022-02-23T07:35:33","date_gmt":"2022-02-23T10:35:33","guid":{"rendered":"https:\/\/folhapopular.info\/?p=99018"},"modified":"2022-02-23T07:35:38","modified_gmt":"2022-02-23T10:35:38","slug":"tres-individuos-sao-presos-por-roubo-a-estabelecimento-comercial-em-progresso","status":"publish","type":"post","link":"https:\/\/folhapopular.info\/index.php\/2022\/02\/23\/tres-individuos-sao-presos-por-roubo-a-estabelecimento-comercial-em-progresso\/","title":{"rendered":"Tr\u00eas indiv\u00edduos s\u00e3o presos por roubo a estabelecimento comercial em Progresso"},"content":{"rendered":"\n<p>Tr\u00eas indiv\u00edduos de 22 e 29 anos foram presos por roubo a estabelecimento comercial nessa ter\u00e7a-feira (22\/2), no Centro de Progresso. <\/p>\n\n\n\n<p>\u00c0s 11h da manh\u00e3 a Brigada Militar recebeu a informa\u00e7\u00e3o que dois indiv\u00edduos, sendo que um deles portava um simulacro de uma arma, adentraram a lot\u00e9rica e levaram dinheiro. <\/p>\n\n\n\n<p>Atrav\u00e9s de filmagens de outro estabelecimento comercial foi poss\u00edvel identificar os autores do fato e a motocicleta usada durante a a\u00e7\u00e3o. <\/p>\n\n\n\n<figure class=\"wp-block-image size-large is-resized\"><img loading=\"lazy\" decoding=\"async\" src=\"https:\/\/folhapopular.info\/wp-content\/uploads\/2022\/02\/WhatsApp-Image-2022-02-22-at-21.40.54-768x1024.jpeg\" alt=\"\" class=\"wp-image-99020\" width=\"386\" height=\"503\"\/><figcaption>Cr\u00e9dito: Brigada Militar \/ Divulga\u00e7\u00e3o<\/figcaption><\/figure>\n\n\n\n<p>Com apoio das guarni\u00e7\u00f5es das cidades vizinhas e equipes da For\u00e7a T\u00e1tica iniciaram as buscas aos autores, sendo a motocicleta localizada no Morro da Ma\u00e7\u00e3. <\/p>\n\n\n\n<p>O indiv\u00edduo de 22 anos foi localizado e confessou ter realizado a a\u00e7\u00e3o, em seguida, os outros dois indiv\u00edduos tamb\u00e9m foram encontrados. <\/p>\n\n\n\n<p>O indiv\u00edduo de 29 anos confessou que havia escondido a parte do valor, e outro indiv\u00edduo de 29 anos confessou ter ligado para a Pol\u00edcia Civil informando uma falsa ocorr\u00eancia de suic\u00eddio no interior do munic\u00edpio para despistar os policiais. <\/p>\n\n\n\n<p>Diante dos fatos foi dada voz de pris\u00e3o aos indiv\u00edduos e encaminhados a Delegacia de Lajeado para provid\u00eancias legais. <\/p>\n\n\n\n<p>O indiv\u00edduo de 22 anos j\u00e1 possu\u00eda antecedentes criminas por tr\u00e1fico de entorpecentes, recepta\u00e7\u00e3o de ve\u00edculo e perturba\u00e7\u00e3o da tranquilidade. <\/p>\n\n\n\n<p>O 1\u00b0 indiv\u00edduo de 29 anos j\u00e1 possu\u00eda antecedentes criminas por furto qualificado e les\u00e3o comercial. <\/p>\n\n\n\n<p>O 2\u00b0 de 29 anos j\u00e1 possu\u00eda antecedentes criminas por apreens\u00e3o de objeto, posse irregular de arma de fogo, furto, furto qualificado e furto resid\u00eancia.<br><br><br><\/p>\n","protected":false},"excerpt":{"rendered":"<p>Tr\u00eas indiv\u00edduos de 22 e 29 anos foram presos por roubo a estabelecimento comercial nessa ter\u00e7a-feira (22\/2), no Centro de Progresso. \u00c0s 11h da manh\u00e3 a Brigada Militar recebeu a informa\u00e7\u00e3o que dois indiv\u00edduos, sendo que um deles portava um simulacro de uma arma, adentraram a lot\u00e9rica e levaram dinheiro. Atrav\u00e9s de filmagens de outro [&hellip;]<\/p>\n","protected":false},"author":8,"featured_media":99019,"comment_status":"open","ping_status":"open","sticky":false,"template":"","format":"standard","meta":{"pmpro_default_level":"","_jetpack_memberships_contains_paid_content":false,"footnotes":""},"categories":[2,7],"tags":[2516,4702,107,151,478,7544],"class_list":{"0":"post-99018","1":"post","2":"type-post","3":"status-publish","4":"format-standard","5":"has-post-thumbnail","7":"category-featured","8":"category-seguranca","9":"tag-estabelecimento-comercial","10":"tag-loterica-2","11":"tag-prisao","12":"tag-progresso","13":"tag-roubo","14":"tag-tres-homens","15":"pmpro-has-access"},"yoast_head":"<!-- This site is optimized with the Yoast SEO plugin v27.5 - https:\/\/yoast.com\/product\/yoast-seo-wordpress\/ -->\n<title>Tr\u00eas indiv\u00edduos s\u00e3o presos por roubo a estabelecimento comercial em Progresso - Folha Popular<\/title>\n<meta name=\"robots\" content=\"index, follow, max-snippet:-1, max-image-preview:large, max-video-preview:-1\" \/>\n<link rel=\"canonical\" href=\"https:\/\/folhapopular.info\/index.php\/2022\/02\/23\/tres-individuos-sao-presos-por-roubo-a-estabelecimento-comercial-em-progresso\/\" \/>\n<meta property=\"og:locale\" content=\"pt_BR\" \/>\n<meta property=\"og:type\" content=\"article\" \/>\n<meta property=\"og:title\" content=\"Tr\u00eas indiv\u00edduos s\u00e3o presos por roubo a estabelecimento comercial em Progresso - Folha Popular\" \/>\n<meta property=\"og:description\" content=\"Tr\u00eas indiv\u00edduos de 22 e 29 anos foram presos por roubo a estabelecimento comercial nessa ter\u00e7a-feira (22\/2), no Centro de Progresso. \u00c0s 11h da manh\u00e3 a Brigada Militar recebeu a informa\u00e7\u00e3o que dois indiv\u00edduos, sendo que um deles portava um simulacro de uma arma, adentraram a lot\u00e9rica e levaram dinheiro. Atrav\u00e9s de filmagens de outro [&hellip;]\" \/>\n<meta property=\"og:url\" content=\"https:\/\/folhapopular.info\/index.php\/2022\/02\/23\/tres-individuos-sao-presos-por-roubo-a-estabelecimento-comercial-em-progresso\/\" \/>\n<meta property=\"og:site_name\" content=\"Folha Popular\" \/>\n<meta property=\"article:published_time\" content=\"2022-02-23T10:35:33+00:00\" \/>\n<meta property=\"article:modified_time\" content=\"2022-02-23T10:35:38+00:00\" \/>\n<meta property=\"og:image\" content=\"http:\/\/folhapopular.info\/wp-content\/uploads\/2022\/02\/WhatsApp-Image-2022-02-22-at-21.40.31-e1645612359683.jpeg\" \/>\n\t<meta property=\"og:image:width\" content=\"800\" \/>\n\t<meta property=\"og:image:height\" content=\"450\" \/>\n\t<meta property=\"og:image:type\" content=\"image\/jpeg\" \/>\n<meta name=\"author\" content=\"Reda\u00e7\u00e3o Folha Popular\" \/>\n<meta name=\"twitter:card\" content=\"summary_large_image\" \/>\n<meta name=\"twitter:label1\" content=\"Escrito por\" \/>\n\t<meta name=\"twitter:data1\" content=\"Reda\u00e7\u00e3o Folha Popular\" \/>\n\t<meta name=\"twitter:label2\" content=\"Est. tempo de leitura\" \/>\n\t<meta name=\"twitter:data2\" content=\"2 minutos\" \/>\n<script type=\"application\/ld+json\" class=\"yoast-schema-graph\">{\"@context\":\"https:\\\/\\\/schema.org\",\"@graph\":[{\"@type\":\"Article\",\"@id\":\"https:\\\/\\\/folhapopular.info\\\/index.php\\\/2022\\\/02\\\/23\\\/tres-individuos-sao-presos-por-roubo-a-estabelecimento-comercial-em-progresso\\\/#article\",\"isPartOf\":{\"@id\":\"https:\\\/\\\/folhapopular.info\\\/index.php\\\/2022\\\/02\\\/23\\\/tres-individuos-sao-presos-por-roubo-a-estabelecimento-comercial-em-progresso\\\/\"},\"author\":{\"name\":\"Reda\u00e7\u00e3o Folha Popular\",\"@id\":\"https:\\\/\\\/folhapopular.info\\\/#\\\/schema\\\/person\\\/2814e8a0df7643585a9ca38bc6eb9d4b\"},\"headline\":\"Tr\u00eas indiv\u00edduos s\u00e3o presos por roubo a estabelecimento comercial em Progresso\",\"datePublished\":\"2022-02-23T10:35:33+00:00\",\"dateModified\":\"2022-02-23T10:35:38+00:00\",\"mainEntityOfPage\":{\"@id\":\"https:\\\/\\\/folhapopular.info\\\/index.php\\\/2022\\\/02\\\/23\\\/tres-individuos-sao-presos-por-roubo-a-estabelecimento-comercial-em-progresso\\\/\"},\"wordCount\":284,\"commentCount\":0,\"image\":{\"@id\":\"https:\\\/\\\/folhapopular.info\\\/index.php\\\/2022\\\/02\\\/23\\\/tres-individuos-sao-presos-por-roubo-a-estabelecimento-comercial-em-progresso\\\/#primaryimage\"},\"thumbnailUrl\":\"https:\\\/\\\/folhapopular.info\\\/wp-content\\\/uploads\\\/2022\\\/02\\\/WhatsApp-Image-2022-02-22-at-21.40.31-e1645612359683.jpeg\",\"keywords\":[\"estabelecimento comercial\",\"Loterica\",\"Pris\u00e3o\",\"Progresso\",\"Roubo\",\"Tr\u00eas homens\"],\"articleSection\":[\"Destaques\",\"Seguran\u00e7a\"],\"inLanguage\":\"pt-BR\",\"potentialAction\":[{\"@type\":\"CommentAction\",\"name\":\"Comment\",\"target\":[\"https:\\\/\\\/folhapopular.info\\\/index.php\\\/2022\\\/02\\\/23\\\/tres-individuos-sao-presos-por-roubo-a-estabelecimento-comercial-em-progresso\\\/#respond\"]}]},{\"@type\":\"WebPage\",\"@id\":\"https:\\\/\\\/folhapopular.info\\\/index.php\\\/2022\\\/02\\\/23\\\/tres-individuos-sao-presos-por-roubo-a-estabelecimento-comercial-em-progresso\\\/\",\"url\":\"https:\\\/\\\/folhapopular.info\\\/index.php\\\/2022\\\/02\\\/23\\\/tres-individuos-sao-presos-por-roubo-a-estabelecimento-comercial-em-progresso\\\/\",\"name\":\"Tr\u00eas indiv\u00edduos s\u00e3o presos por roubo a estabelecimento comercial em Progresso - Folha Popular\",\"isPartOf\":{\"@id\":\"https:\\\/\\\/folhapopular.info\\\/#website\"},\"primaryImageOfPage\":{\"@id\":\"https:\\\/\\\/folhapopular.info\\\/index.php\\\/2022\\\/02\\\/23\\\/tres-individuos-sao-presos-por-roubo-a-estabelecimento-comercial-em-progresso\\\/#primaryimage\"},\"image\":{\"@id\":\"https:\\\/\\\/folhapopular.info\\\/index.php\\\/2022\\\/02\\\/23\\\/tres-individuos-sao-presos-por-roubo-a-estabelecimento-comercial-em-progresso\\\/#primaryimage\"},\"thumbnailUrl\":\"https:\\\/\\\/folhapopular.info\\\/wp-content\\\/uploads\\\/2022\\\/02\\\/WhatsApp-Image-2022-02-22-at-21.40.31-e1645612359683.jpeg\",\"datePublished\":\"2022-02-23T10:35:33+00:00\",\"dateModified\":\"2022-02-23T10:35:38+00:00\",\"author\":{\"@id\":\"https:\\\/\\\/folhapopular.info\\\/#\\\/schema\\\/person\\\/2814e8a0df7643585a9ca38bc6eb9d4b\"},\"breadcrumb\":{\"@id\":\"https:\\\/\\\/folhapopular.info\\\/index.php\\\/2022\\\/02\\\/23\\\/tres-individuos-sao-presos-por-roubo-a-estabelecimento-comercial-em-progresso\\\/#breadcrumb\"},\"inLanguage\":\"pt-BR\",\"potentialAction\":[{\"@type\":\"ReadAction\",\"target\":[\"https:\\\/\\\/folhapopular.info\\\/index.php\\\/2022\\\/02\\\/23\\\/tres-individuos-sao-presos-por-roubo-a-estabelecimento-comercial-em-progresso\\\/\"]}]},{\"@type\":\"ImageObject\",\"inLanguage\":\"pt-BR\",\"@id\":\"https:\\\/\\\/folhapopular.info\\\/index.php\\\/2022\\\/02\\\/23\\\/tres-individuos-sao-presos-por-roubo-a-estabelecimento-comercial-em-progresso\\\/#primaryimage\",\"url\":\"https:\\\/\\\/folhapopular.info\\\/wp-content\\\/uploads\\\/2022\\\/02\\\/WhatsApp-Image-2022-02-22-at-21.40.31-e1645612359683.jpeg\",\"contentUrl\":\"https:\\\/\\\/folhapopular.info\\\/wp-content\\\/uploads\\\/2022\\\/02\\\/WhatsApp-Image-2022-02-22-at-21.40.31-e1645612359683.jpeg\",\"width\":800,\"height\":450,\"caption\":\"Cr\u00e9dito: Brigada Militar \\\/ Divulga\u00e7\u00e3o\"},{\"@type\":\"BreadcrumbList\",\"@id\":\"https:\\\/\\\/folhapopular.info\\\/index.php\\\/2022\\\/02\\\/23\\\/tres-individuos-sao-presos-por-roubo-a-estabelecimento-comercial-em-progresso\\\/#breadcrumb\",\"itemListElement\":[{\"@type\":\"ListItem\",\"position\":1,\"name\":\"In\u00edcio\",\"item\":\"https:\\\/\\\/folhapopular.info\\\/\"},{\"@type\":\"ListItem\",\"position\":2,\"name\":\"Tr\u00eas indiv\u00edduos s\u00e3o presos por roubo a estabelecimento comercial em Progresso\"}]},{\"@type\":\"WebSite\",\"@id\":\"https:\\\/\\\/folhapopular.info\\\/#website\",\"url\":\"https:\\\/\\\/folhapopular.info\\\/\",\"name\":\"Folha Popular\",\"description\":\"Onde voc\u00ea tem vez e voz\",\"potentialAction\":[{\"@type\":\"SearchAction\",\"target\":{\"@type\":\"EntryPoint\",\"urlTemplate\":\"https:\\\/\\\/folhapopular.info\\\/?s={search_term_string}\"},\"query-input\":{\"@type\":\"PropertyValueSpecification\",\"valueRequired\":true,\"valueName\":\"search_term_string\"}}],\"inLanguage\":\"pt-BR\"},{\"@type\":\"Person\",\"@id\":\"https:\\\/\\\/folhapopular.info\\\/#\\\/schema\\\/person\\\/2814e8a0df7643585a9ca38bc6eb9d4b\",\"name\":\"Reda\u00e7\u00e3o Folha Popular\",\"image\":{\"@type\":\"ImageObject\",\"inLanguage\":\"pt-BR\",\"@id\":\"https:\\\/\\\/folhapopular.info\\\/wp-content\\\/uploads\\\/2026\\\/04\\\/Folha-1.webp\",\"url\":\"https:\\\/\\\/folhapopular.info\\\/wp-content\\\/uploads\\\/2026\\\/04\\\/Folha-1.webp\",\"contentUrl\":\"https:\\\/\\\/folhapopular.info\\\/wp-content\\\/uploads\\\/2026\\\/04\\\/Folha-1.webp\",\"caption\":\"Reda\u00e7\u00e3o Folha Popular\"},\"url\":\"https:\\\/\\\/folhapopular.info\\\/index.php\\\/author\\\/redacao\\\/\"}]}<\/script>\n<!-- \/ Yoast SEO plugin. -->","yoast_head_json":{"title":"Tr\u00eas indiv\u00edduos s\u00e3o presos por roubo a estabelecimento comercial em Progresso - Folha Popular","robots":{"index":"index","follow":"follow","max-snippet":"max-snippet:-1","max-image-preview":"max-image-preview:large","max-video-preview":"max-video-preview:-1"},"canonical":"https:\/\/folhapopular.info\/index.php\/2022\/02\/23\/tres-individuos-sao-presos-por-roubo-a-estabelecimento-comercial-em-progresso\/","og_locale":"pt_BR","og_type":"article","og_title":"Tr\u00eas indiv\u00edduos s\u00e3o presos por roubo a estabelecimento comercial em Progresso - Folha Popular","og_description":"Tr\u00eas indiv\u00edduos de 22 e 29 anos foram presos por roubo a estabelecimento comercial nessa ter\u00e7a-feira (22\/2), no Centro de Progresso. \u00c0s 11h da manh\u00e3 a Brigada Militar recebeu a informa\u00e7\u00e3o que dois indiv\u00edduos, sendo que um deles portava um simulacro de uma arma, adentraram a lot\u00e9rica e levaram dinheiro. Atrav\u00e9s de filmagens de outro [&hellip;]","og_url":"https:\/\/folhapopular.info\/index.php\/2022\/02\/23\/tres-individuos-sao-presos-por-roubo-a-estabelecimento-comercial-em-progresso\/","og_site_name":"Folha Popular","article_published_time":"2022-02-23T10:35:33+00:00","article_modified_time":"2022-02-23T10:35:38+00:00","og_image":[{"width":800,"height":450,"url":"http:\/\/folhapopular.info\/wp-content\/uploads\/2022\/02\/WhatsApp-Image-2022-02-22-at-21.40.31-e1645612359683.jpeg","type":"image\/jpeg"}],"author":"Reda\u00e7\u00e3o Folha Popular","twitter_card":"summary_large_image","twitter_misc":{"Escrito por":"Reda\u00e7\u00e3o Folha Popular","Est. tempo de leitura":"2 minutos"},"schema":{"@context":"https:\/\/schema.org","@graph":[{"@type":"Article","@id":"https:\/\/folhapopular.info\/index.php\/2022\/02\/23\/tres-individuos-sao-presos-por-roubo-a-estabelecimento-comercial-em-progresso\/#article","isPartOf":{"@id":"https:\/\/folhapopular.info\/index.php\/2022\/02\/23\/tres-individuos-sao-presos-por-roubo-a-estabelecimento-comercial-em-progresso\/"},"author":{"name":"Reda\u00e7\u00e3o Folha Popular","@id":"https:\/\/folhapopular.info\/#\/schema\/person\/2814e8a0df7643585a9ca38bc6eb9d4b"},"headline":"Tr\u00eas indiv\u00edduos s\u00e3o presos por roubo a estabelecimento comercial em Progresso","datePublished":"2022-02-23T10:35:33+00:00","dateModified":"2022-02-23T10:35:38+00:00","mainEntityOfPage":{"@id":"https:\/\/folhapopular.info\/index.php\/2022\/02\/23\/tres-individuos-sao-presos-por-roubo-a-estabelecimento-comercial-em-progresso\/"},"wordCount":284,"commentCount":0,"image":{"@id":"https:\/\/folhapopular.info\/index.php\/2022\/02\/23\/tres-individuos-sao-presos-por-roubo-a-estabelecimento-comercial-em-progresso\/#primaryimage"},"thumbnailUrl":"https:\/\/folhapopular.info\/wp-content\/uploads\/2022\/02\/WhatsApp-Image-2022-02-22-at-21.40.31-e1645612359683.jpeg","keywords":["estabelecimento comercial","Loterica","Pris\u00e3o","Progresso","Roubo","Tr\u00eas homens"],"articleSection":["Destaques","Seguran\u00e7a"],"inLanguage":"pt-BR","potentialAction":[{"@type":"CommentAction","name":"Comment","target":["https:\/\/folhapopular.info\/index.php\/2022\/02\/23\/tres-individuos-sao-presos-por-roubo-a-estabelecimento-comercial-em-progresso\/#respond"]}]},{"@type":"WebPage","@id":"https:\/\/folhapopular.info\/index.php\/2022\/02\/23\/tres-individuos-sao-presos-por-roubo-a-estabelecimento-comercial-em-progresso\/","url":"https:\/\/folhapopular.info\/index.php\/2022\/02\/23\/tres-individuos-sao-presos-por-roubo-a-estabelecimento-comercial-em-progresso\/","name":"Tr\u00eas indiv\u00edduos s\u00e3o presos por roubo a estabelecimento comercial em Progresso - Folha Popular","isPartOf":{"@id":"https:\/\/folhapopular.info\/#website"},"primaryImageOfPage":{"@id":"https:\/\/folhapopular.info\/index.php\/2022\/02\/23\/tres-individuos-sao-presos-por-roubo-a-estabelecimento-comercial-em-progresso\/#primaryimage"},"image":{"@id":"https:\/\/folhapopular.info\/index.php\/2022\/02\/23\/tres-individuos-sao-presos-por-roubo-a-estabelecimento-comercial-em-progresso\/#primaryimage"},"thumbnailUrl":"https:\/\/folhapopular.info\/wp-content\/uploads\/2022\/02\/WhatsApp-Image-2022-02-22-at-21.40.31-e1645612359683.jpeg","datePublished":"2022-02-23T10:35:33+00:00","dateModified":"2022-02-23T10:35:38+00:00","author":{"@id":"https:\/\/folhapopular.info\/#\/schema\/person\/2814e8a0df7643585a9ca38bc6eb9d4b"},"breadcrumb":{"@id":"https:\/\/folhapopular.info\/index.php\/2022\/02\/23\/tres-individuos-sao-presos-por-roubo-a-estabelecimento-comercial-em-progresso\/#breadcrumb"},"inLanguage":"pt-BR","potentialAction":[{"@type":"ReadAction","target":["https:\/\/folhapopular.info\/index.php\/2022\/02\/23\/tres-individuos-sao-presos-por-roubo-a-estabelecimento-comercial-em-progresso\/"]}]},{"@type":"ImageObject","inLanguage":"pt-BR","@id":"https:\/\/folhapopular.info\/index.php\/2022\/02\/23\/tres-individuos-sao-presos-por-roubo-a-estabelecimento-comercial-em-progresso\/#primaryimage","url":"https:\/\/folhapopular.info\/wp-content\/uploads\/2022\/02\/WhatsApp-Image-2022-02-22-at-21.40.31-e1645612359683.jpeg","contentUrl":"https:\/\/folhapopular.info\/wp-content\/uploads\/2022\/02\/WhatsApp-Image-2022-02-22-at-21.40.31-e1645612359683.jpeg","width":800,"height":450,"caption":"Cr\u00e9dito: Brigada Militar \/ Divulga\u00e7\u00e3o"},{"@type":"BreadcrumbList","@id":"https:\/\/folhapopular.info\/index.php\/2022\/02\/23\/tres-individuos-sao-presos-por-roubo-a-estabelecimento-comercial-em-progresso\/#breadcrumb","itemListElement":[{"@type":"ListItem","position":1,"name":"In\u00edcio","item":"https:\/\/folhapopular.info\/"},{"@type":"ListItem","position":2,"name":"Tr\u00eas indiv\u00edduos s\u00e3o presos por roubo a estabelecimento comercial em Progresso"}]},{"@type":"WebSite","@id":"https:\/\/folhapopular.info\/#website","url":"https:\/\/folhapopular.info\/","name":"Folha Popular","description":"Onde voc\u00ea tem vez e voz","potentialAction":[{"@type":"SearchAction","target":{"@type":"EntryPoint","urlTemplate":"https:\/\/folhapopular.info\/?s={search_term_string}"},"query-input":{"@type":"PropertyValueSpecification","valueRequired":true,"valueName":"search_term_string"}}],"inLanguage":"pt-BR"},{"@type":"Person","@id":"https:\/\/folhapopular.info\/#\/schema\/person\/2814e8a0df7643585a9ca38bc6eb9d4b","name":"Reda\u00e7\u00e3o Folha Popular","image":{"@type":"ImageObject","inLanguage":"pt-BR","@id":"https:\/\/folhapopular.info\/wp-content\/uploads\/2026\/04\/Folha-1.webp","url":"https:\/\/folhapopular.info\/wp-content\/uploads\/2026\/04\/Folha-1.webp","contentUrl":"https:\/\/folhapopular.info\/wp-content\/uploads\/2026\/04\/Folha-1.webp","caption":"Reda\u00e7\u00e3o Folha Popular"},"url":"https:\/\/folhapopular.info\/index.php\/author\/redacao\/"}]}},"jetpack_featured_media_url":"https:\/\/folhapopular.info\/wp-content\/uploads\/2022\/02\/WhatsApp-Image-2022-02-22-at-21.40.31-e1645612359683.jpeg","jetpack_sharing_enabled":true,"amp_enabled":true,"_links":{"self":[{"href":"https:\/\/folhapopular.info\/index.php\/wp-json\/wp\/v2\/posts\/99018","targetHints":{"allow":["GET"]}}],"collection":[{"href":"https:\/\/folhapopular.info\/index.php\/wp-json\/wp\/v2\/posts"}],"about":[{"href":"https:\/\/folhapopular.info\/index.php\/wp-json\/wp\/v2\/types\/post"}],"author":[{"embeddable":true,"href":"https:\/\/folhapopular.info\/index.php\/wp-json\/wp\/v2\/users\/8"}],"replies":[{"embeddable":true,"href":"https:\/\/folhapopular.info\/index.php\/wp-json\/wp\/v2\/comments?post=99018"}],"version-history":[{"count":0,"href":"https:\/\/folhapopular.info\/index.php\/wp-json\/wp\/v2\/posts\/99018\/revisions"}],"wp:featuredmedia":[{"embeddable":true,"href":"https:\/\/folhapopular.info\/index.php\/wp-json\/wp\/v2\/media\/99019"}],"wp:attachment":[{"href":"https:\/\/folhapopular.info\/index.php\/wp-json\/wp\/v2\/media?parent=99018"}],"wp:term":[{"taxonomy":"category","embeddable":true,"href":"https:\/\/folhapopular.info\/index.php\/wp-json\/wp\/v2\/categories?post=99018"},{"taxonomy":"post_tag","embeddable":true,"href":"https:\/\/folhapopular.info\/index.php\/wp-json\/wp\/v2\/tags?post=99018"}],"curies":[{"name":"wp","href":"https:\/\/api.w.org\/{rel}","templated":true}]}}