{"id":99331,"date":"2022-02-26T11:19:29","date_gmt":"2022-02-26T14:19:29","guid":{"rendered":"https:\/\/folhapopular.info\/?p=99331"},"modified":"2022-02-26T11:19:31","modified_gmt":"2022-02-26T14:19:31","slug":"municipal-pode-ser-retomado","status":"publish","type":"post","link":"https:\/\/folhapopular.info\/index.php\/2022\/02\/26\/municipal-pode-ser-retomado\/","title":{"rendered":"Municipal pode ser retomado"},"content":{"rendered":"<p>Cresce a expectativa de retomada do Campeonato Municipal de Futebol Amador de Lajeado. Sem edi\u00e7\u00e3o desde 2018, a realiza\u00e7\u00e3o da tradicional competi\u00e7\u00e3o est\u00e1 sendo estruturada pela prov\u00e1vel nova diretoria da Liga Lajeadense de Futebol Amador (Lilafa), que deve ser aclamada em elei\u00e7\u00e3o prevista para a pr\u00f3xima quarta-feira (2\/3). A chapa \u00fanica \u00e9 encabe\u00e7ada por Jeferson&#8230; <\/p>\n<div class=\"pmpro\">\n<div class=\"pmpro_card pmpro_content_message\">\n<div class=\"pmpro_card_content\">Este conte\u00fado \u00e9 apenas para associados Grupo Popular &#8211; Conte\u00fado Total Anual e Grupo Popular &#8211; Conte\u00fado Total Mensal. <br \/><a href=\"https:\/\/folhapopular.info\/wp-login.php?action=register\">Cadastre-se<\/a><\/div>\n<div class=\"pmpro_card_actions pmpro_font-medium\">J\u00e1 se associou? <a href=\"https:\/\/folhapopular.info\/wp-login.php?redirect_to=https%3A%2F%2Ffolhapopular.info%2Findex.php%2F2022%2F02%2F26%2Fmunicipal-pode-ser-retomado%2F\">Acesse aqui<\/a><\/div>\n<\/div>\n<\/div>\n","protected":false},"excerpt":{"rendered":"<p>Cresce a expectativa de retomada do Campeonato Municipal de Futebol Amador de Lajeado. Sem edi\u00e7\u00e3o desde 2018, a realiza\u00e7\u00e3o da tradicional competi\u00e7\u00e3o est\u00e1 sendo estruturada pela prov\u00e1vel nova diretoria da Liga Lajeadense de Futebol Amador (Lilafa), que deve ser aclamada em elei\u00e7\u00e3o prevista para a pr\u00f3xima quarta-feira (2\/3). A chapa \u00fanica \u00e9 encabe\u00e7ada por Jeferson... <\/p>\n<div class=\"pmpro\"><div class=\"pmpro_card pmpro_content_message\"><div class=\"pmpro_card_content\">Este conte\u00fado \u00e9 apenas para associados Grupo Popular - Conte\u00fado Total Anual e Grupo Popular - Conte\u00fado Total Mensal. <br \/><a href=\"https:\/\/folhapopular.info\/wp-login.php?action=register\">Cadastre-se<\/a><\/div><div class=\"pmpro_card_actions pmpro_font-medium\">J\u00e1 se associou? <a href=\"https:\/\/folhapopular.info\/wp-login.php?redirect_to=https%3A%2F%2Ffolhapopular.info%2Findex.php%2F2022%2F02%2F26%2Fmunicipal-pode-ser-retomado%2F\">Acesse aqui<\/a><\/div><\/div><\/div>","protected":false},"author":625,"featured_media":99332,"comment_status":"open","ping_status":"open","sticky":false,"template":"","format":"standard","meta":{"pmpro_default_level":"","_jetpack_memberships_contains_paid_content":false,"footnotes":""},"categories":[5990,2,5],"tags":[499,8,6963,147],"class_list":{"0":"post-99331","1":"post","2":"type-post","3":"status-publish","4":"format-standard","5":"has-post-thumbnail","7":"category-conteudo-exclusivo","8":"category-featured","9":"category-esportes","10":"tag-campeonato-municipal","11":"tag-estrela","12":"tag-expectativas","13":"tag-futebol-amador","14":"pmpro-level-required","15":"pmpro-level-2","16":"pmpro-level-4","17":"pmpro-level-5","18":"pmpro-no-access"},"yoast_head":"<!-- This site is optimized with the Yoast SEO plugin v27.5 - https:\/\/yoast.com\/product\/yoast-seo-wordpress\/ -->\n<title>Municipal pode ser retomado - Folha Popular<\/title>\n<meta name=\"robots\" content=\"index, follow, max-snippet:-1, max-image-preview:large, max-video-preview:-1\" \/>\n<link rel=\"canonical\" href=\"https:\/\/folhapopular.info\/index.php\/2022\/02\/26\/municipal-pode-ser-retomado\/\" \/>\n<meta property=\"og:locale\" content=\"pt_BR\" \/>\n<meta property=\"og:type\" content=\"article\" \/>\n<meta property=\"og:title\" content=\"Municipal pode ser retomado - Folha Popular\" \/>\n<meta property=\"og:description\" content=\"Cresce a expectativa de retomada do Campeonato Municipal de Futebol Amador de Lajeado. Sem edi\u00e7\u00e3o desde 2018, a realiza\u00e7\u00e3o da tradicional competi\u00e7\u00e3o est\u00e1 sendo estruturada pela prov\u00e1vel nova diretoria da Liga Lajeadense de Futebol Amador (Lilafa), que deve ser aclamada em elei\u00e7\u00e3o prevista para a pr\u00f3xima quarta-feira (2\/3). A chapa \u00fanica \u00e9 encabe\u00e7ada por Jeferson [&hellip;]\" \/>\n<meta property=\"og:url\" content=\"https:\/\/folhapopular.info\/index.php\/2022\/02\/26\/municipal-pode-ser-retomado\/\" \/>\n<meta property=\"og:site_name\" content=\"Folha Popular\" \/>\n<meta property=\"article:published_time\" content=\"2022-02-26T14:19:29+00:00\" \/>\n<meta property=\"article:modified_time\" content=\"2022-02-26T14:19:31+00:00\" \/>\n<meta property=\"og:image\" content=\"http:\/\/folhapopular.info\/wp-content\/uploads\/2022\/02\/pexels-rodnae-productions-7188095-scaled-e1645885051668.jpg\" \/>\n\t<meta property=\"og:image:width\" content=\"800\" \/>\n\t<meta property=\"og:image:height\" content=\"533\" \/>\n\t<meta property=\"og:image:type\" content=\"image\/jpeg\" \/>\n<meta name=\"author\" content=\"Ed Moreira\" \/>\n<meta name=\"twitter:card\" content=\"summary_large_image\" \/>\n<meta name=\"twitter:label1\" content=\"Escrito por\" \/>\n\t<meta name=\"twitter:data1\" content=\"Ed Moreira\" \/>\n\t<meta name=\"twitter:label2\" content=\"Est. tempo de leitura\" \/>\n\t<meta name=\"twitter:data2\" content=\"1 minuto\" \/>\n<script type=\"application\/ld+json\" class=\"yoast-schema-graph\">{\"@context\":\"https:\\\/\\\/schema.org\",\"@graph\":[{\"@type\":\"Article\",\"@id\":\"https:\\\/\\\/folhapopular.info\\\/index.php\\\/2022\\\/02\\\/26\\\/municipal-pode-ser-retomado\\\/#article\",\"isPartOf\":{\"@id\":\"https:\\\/\\\/folhapopular.info\\\/index.php\\\/2022\\\/02\\\/26\\\/municipal-pode-ser-retomado\\\/\"},\"author\":{\"name\":\"Ed Moreira\",\"@id\":\"https:\\\/\\\/folhapopular.info\\\/#\\\/schema\\\/person\\\/e271c6e0b26128fa94cfaf17cc9e063e\"},\"headline\":\"Municipal pode ser retomado\",\"datePublished\":\"2022-02-26T14:19:29+00:00\",\"dateModified\":\"2022-02-26T14:19:31+00:00\",\"mainEntityOfPage\":{\"@id\":\"https:\\\/\\\/folhapopular.info\\\/index.php\\\/2022\\\/02\\\/26\\\/municipal-pode-ser-retomado\\\/\"},\"wordCount\":157,\"commentCount\":0,\"image\":{\"@id\":\"https:\\\/\\\/folhapopular.info\\\/index.php\\\/2022\\\/02\\\/26\\\/municipal-pode-ser-retomado\\\/#primaryimage\"},\"thumbnailUrl\":\"https:\\\/\\\/folhapopular.info\\\/wp-content\\\/uploads\\\/2022\\\/02\\\/pexels-rodnae-productions-7188095-scaled-e1645885051668.jpg\",\"keywords\":[\"Campeonato Municipal\",\"Estrela\",\"Expectativas\",\"futebol amador\"],\"articleSection\":[\"Conte\u00fado Exclusivo\",\"Destaques\",\"Esportes\"],\"inLanguage\":\"pt-BR\",\"potentialAction\":[{\"@type\":\"CommentAction\",\"name\":\"Comment\",\"target\":[\"https:\\\/\\\/folhapopular.info\\\/index.php\\\/2022\\\/02\\\/26\\\/municipal-pode-ser-retomado\\\/#respond\"]}]},{\"@type\":\"WebPage\",\"@id\":\"https:\\\/\\\/folhapopular.info\\\/index.php\\\/2022\\\/02\\\/26\\\/municipal-pode-ser-retomado\\\/\",\"url\":\"https:\\\/\\\/folhapopular.info\\\/index.php\\\/2022\\\/02\\\/26\\\/municipal-pode-ser-retomado\\\/\",\"name\":\"Municipal pode ser retomado - Folha Popular\",\"isPartOf\":{\"@id\":\"https:\\\/\\\/folhapopular.info\\\/#website\"},\"primaryImageOfPage\":{\"@id\":\"https:\\\/\\\/folhapopular.info\\\/index.php\\\/2022\\\/02\\\/26\\\/municipal-pode-ser-retomado\\\/#primaryimage\"},\"image\":{\"@id\":\"https:\\\/\\\/folhapopular.info\\\/index.php\\\/2022\\\/02\\\/26\\\/municipal-pode-ser-retomado\\\/#primaryimage\"},\"thumbnailUrl\":\"https:\\\/\\\/folhapopular.info\\\/wp-content\\\/uploads\\\/2022\\\/02\\\/pexels-rodnae-productions-7188095-scaled-e1645885051668.jpg\",\"datePublished\":\"2022-02-26T14:19:29+00:00\",\"dateModified\":\"2022-02-26T14:19:31+00:00\",\"author\":{\"@id\":\"https:\\\/\\\/folhapopular.info\\\/#\\\/schema\\\/person\\\/e271c6e0b26128fa94cfaf17cc9e063e\"},\"breadcrumb\":{\"@id\":\"https:\\\/\\\/folhapopular.info\\\/index.php\\\/2022\\\/02\\\/26\\\/municipal-pode-ser-retomado\\\/#breadcrumb\"},\"inLanguage\":\"pt-BR\",\"potentialAction\":[{\"@type\":\"ReadAction\",\"target\":[\"https:\\\/\\\/folhapopular.info\\\/index.php\\\/2022\\\/02\\\/26\\\/municipal-pode-ser-retomado\\\/\"]}]},{\"@type\":\"ImageObject\",\"inLanguage\":\"pt-BR\",\"@id\":\"https:\\\/\\\/folhapopular.info\\\/index.php\\\/2022\\\/02\\\/26\\\/municipal-pode-ser-retomado\\\/#primaryimage\",\"url\":\"https:\\\/\\\/folhapopular.info\\\/wp-content\\\/uploads\\\/2022\\\/02\\\/pexels-rodnae-productions-7188095-scaled-e1645885051668.jpg\",\"contentUrl\":\"https:\\\/\\\/folhapopular.info\\\/wp-content\\\/uploads\\\/2022\\\/02\\\/pexels-rodnae-productions-7188095-scaled-e1645885051668.jpg\",\"width\":800,\"height\":533,\"caption\":\"Cr\u00e9dito: Pexels\"},{\"@type\":\"BreadcrumbList\",\"@id\":\"https:\\\/\\\/folhapopular.info\\\/index.php\\\/2022\\\/02\\\/26\\\/municipal-pode-ser-retomado\\\/#breadcrumb\",\"itemListElement\":[{\"@type\":\"ListItem\",\"position\":1,\"name\":\"In\u00edcio\",\"item\":\"https:\\\/\\\/folhapopular.info\\\/\"},{\"@type\":\"ListItem\",\"position\":2,\"name\":\"Municipal pode ser retomado\"}]},{\"@type\":\"WebSite\",\"@id\":\"https:\\\/\\\/folhapopular.info\\\/#website\",\"url\":\"https:\\\/\\\/folhapopular.info\\\/\",\"name\":\"Folha Popular\",\"description\":\"Onde voc\u00ea tem vez e voz\",\"potentialAction\":[{\"@type\":\"SearchAction\",\"target\":{\"@type\":\"EntryPoint\",\"urlTemplate\":\"https:\\\/\\\/folhapopular.info\\\/?s={search_term_string}\"},\"query-input\":{\"@type\":\"PropertyValueSpecification\",\"valueRequired\":true,\"valueName\":\"search_term_string\"}}],\"inLanguage\":\"pt-BR\"},{\"@type\":\"Person\",\"@id\":\"https:\\\/\\\/folhapopular.info\\\/#\\\/schema\\\/person\\\/e271c6e0b26128fa94cfaf17cc9e063e\",\"name\":\"Ed Moreira\",\"image\":{\"@type\":\"ImageObject\",\"inLanguage\":\"pt-BR\",\"@id\":\"https:\\\/\\\/secure.gravatar.com\\\/avatar\\\/9274330291ac9c6c66742317f29501071e72f6aa312c5fa2db351130adc72a97?s=96&d=mm&r=g\",\"url\":\"https:\\\/\\\/secure.gravatar.com\\\/avatar\\\/9274330291ac9c6c66742317f29501071e72f6aa312c5fa2db351130adc72a97?s=96&d=mm&r=g\",\"contentUrl\":\"https:\\\/\\\/secure.gravatar.com\\\/avatar\\\/9274330291ac9c6c66742317f29501071e72f6aa312c5fa2db351130adc72a97?s=96&d=mm&r=g\",\"caption\":\"Ed Moreira\"},\"url\":\"https:\\\/\\\/folhapopular.info\\\/index.php\\\/author\\\/edandreickgmail-com\\\/\"}]}<\/script>\n<!-- \/ Yoast SEO plugin. -->","yoast_head_json":{"title":"Municipal pode ser retomado - Folha Popular","robots":{"index":"index","follow":"follow","max-snippet":"max-snippet:-1","max-image-preview":"max-image-preview:large","max-video-preview":"max-video-preview:-1"},"canonical":"https:\/\/folhapopular.info\/index.php\/2022\/02\/26\/municipal-pode-ser-retomado\/","og_locale":"pt_BR","og_type":"article","og_title":"Municipal pode ser retomado - Folha Popular","og_description":"Cresce a expectativa de retomada do Campeonato Municipal de Futebol Amador de Lajeado. Sem edi\u00e7\u00e3o desde 2018, a realiza\u00e7\u00e3o da tradicional competi\u00e7\u00e3o est\u00e1 sendo estruturada pela prov\u00e1vel nova diretoria da Liga Lajeadense de Futebol Amador (Lilafa), que deve ser aclamada em elei\u00e7\u00e3o prevista para a pr\u00f3xima quarta-feira (2\/3). A chapa \u00fanica \u00e9 encabe\u00e7ada por Jeferson [&hellip;]","og_url":"https:\/\/folhapopular.info\/index.php\/2022\/02\/26\/municipal-pode-ser-retomado\/","og_site_name":"Folha Popular","article_published_time":"2022-02-26T14:19:29+00:00","article_modified_time":"2022-02-26T14:19:31+00:00","og_image":[{"width":800,"height":533,"url":"http:\/\/folhapopular.info\/wp-content\/uploads\/2022\/02\/pexels-rodnae-productions-7188095-scaled-e1645885051668.jpg","type":"image\/jpeg"}],"author":"Ed Moreira","twitter_card":"summary_large_image","twitter_misc":{"Escrito por":"Ed Moreira","Est. tempo de leitura":"1 minuto"},"schema":{"@context":"https:\/\/schema.org","@graph":[{"@type":"Article","@id":"https:\/\/folhapopular.info\/index.php\/2022\/02\/26\/municipal-pode-ser-retomado\/#article","isPartOf":{"@id":"https:\/\/folhapopular.info\/index.php\/2022\/02\/26\/municipal-pode-ser-retomado\/"},"author":{"name":"Ed Moreira","@id":"https:\/\/folhapopular.info\/#\/schema\/person\/e271c6e0b26128fa94cfaf17cc9e063e"},"headline":"Municipal pode ser retomado","datePublished":"2022-02-26T14:19:29+00:00","dateModified":"2022-02-26T14:19:31+00:00","mainEntityOfPage":{"@id":"https:\/\/folhapopular.info\/index.php\/2022\/02\/26\/municipal-pode-ser-retomado\/"},"wordCount":157,"commentCount":0,"image":{"@id":"https:\/\/folhapopular.info\/index.php\/2022\/02\/26\/municipal-pode-ser-retomado\/#primaryimage"},"thumbnailUrl":"https:\/\/folhapopular.info\/wp-content\/uploads\/2022\/02\/pexels-rodnae-productions-7188095-scaled-e1645885051668.jpg","keywords":["Campeonato Municipal","Estrela","Expectativas","futebol amador"],"articleSection":["Conte\u00fado Exclusivo","Destaques","Esportes"],"inLanguage":"pt-BR","potentialAction":[{"@type":"CommentAction","name":"Comment","target":["https:\/\/folhapopular.info\/index.php\/2022\/02\/26\/municipal-pode-ser-retomado\/#respond"]}]},{"@type":"WebPage","@id":"https:\/\/folhapopular.info\/index.php\/2022\/02\/26\/municipal-pode-ser-retomado\/","url":"https:\/\/folhapopular.info\/index.php\/2022\/02\/26\/municipal-pode-ser-retomado\/","name":"Municipal pode ser retomado - Folha Popular","isPartOf":{"@id":"https:\/\/folhapopular.info\/#website"},"primaryImageOfPage":{"@id":"https:\/\/folhapopular.info\/index.php\/2022\/02\/26\/municipal-pode-ser-retomado\/#primaryimage"},"image":{"@id":"https:\/\/folhapopular.info\/index.php\/2022\/02\/26\/municipal-pode-ser-retomado\/#primaryimage"},"thumbnailUrl":"https:\/\/folhapopular.info\/wp-content\/uploads\/2022\/02\/pexels-rodnae-productions-7188095-scaled-e1645885051668.jpg","datePublished":"2022-02-26T14:19:29+00:00","dateModified":"2022-02-26T14:19:31+00:00","author":{"@id":"https:\/\/folhapopular.info\/#\/schema\/person\/e271c6e0b26128fa94cfaf17cc9e063e"},"breadcrumb":{"@id":"https:\/\/folhapopular.info\/index.php\/2022\/02\/26\/municipal-pode-ser-retomado\/#breadcrumb"},"inLanguage":"pt-BR","potentialAction":[{"@type":"ReadAction","target":["https:\/\/folhapopular.info\/index.php\/2022\/02\/26\/municipal-pode-ser-retomado\/"]}]},{"@type":"ImageObject","inLanguage":"pt-BR","@id":"https:\/\/folhapopular.info\/index.php\/2022\/02\/26\/municipal-pode-ser-retomado\/#primaryimage","url":"https:\/\/folhapopular.info\/wp-content\/uploads\/2022\/02\/pexels-rodnae-productions-7188095-scaled-e1645885051668.jpg","contentUrl":"https:\/\/folhapopular.info\/wp-content\/uploads\/2022\/02\/pexels-rodnae-productions-7188095-scaled-e1645885051668.jpg","width":800,"height":533,"caption":"Cr\u00e9dito: Pexels"},{"@type":"BreadcrumbList","@id":"https:\/\/folhapopular.info\/index.php\/2022\/02\/26\/municipal-pode-ser-retomado\/#breadcrumb","itemListElement":[{"@type":"ListItem","position":1,"name":"In\u00edcio","item":"https:\/\/folhapopular.info\/"},{"@type":"ListItem","position":2,"name":"Municipal pode ser retomado"}]},{"@type":"WebSite","@id":"https:\/\/folhapopular.info\/#website","url":"https:\/\/folhapopular.info\/","name":"Folha Popular","description":"Onde voc\u00ea tem vez e voz","potentialAction":[{"@type":"SearchAction","target":{"@type":"EntryPoint","urlTemplate":"https:\/\/folhapopular.info\/?s={search_term_string}"},"query-input":{"@type":"PropertyValueSpecification","valueRequired":true,"valueName":"search_term_string"}}],"inLanguage":"pt-BR"},{"@type":"Person","@id":"https:\/\/folhapopular.info\/#\/schema\/person\/e271c6e0b26128fa94cfaf17cc9e063e","name":"Ed Moreira","image":{"@type":"ImageObject","inLanguage":"pt-BR","@id":"https:\/\/secure.gravatar.com\/avatar\/9274330291ac9c6c66742317f29501071e72f6aa312c5fa2db351130adc72a97?s=96&d=mm&r=g","url":"https:\/\/secure.gravatar.com\/avatar\/9274330291ac9c6c66742317f29501071e72f6aa312c5fa2db351130adc72a97?s=96&d=mm&r=g","contentUrl":"https:\/\/secure.gravatar.com\/avatar\/9274330291ac9c6c66742317f29501071e72f6aa312c5fa2db351130adc72a97?s=96&d=mm&r=g","caption":"Ed Moreira"},"url":"https:\/\/folhapopular.info\/index.php\/author\/edandreickgmail-com\/"}]}},"jetpack_featured_media_url":"https:\/\/folhapopular.info\/wp-content\/uploads\/2022\/02\/pexels-rodnae-productions-7188095-scaled-e1645885051668.jpg","jetpack_sharing_enabled":true,"amp_enabled":true,"_links":{"self":[{"href":"https:\/\/folhapopular.info\/index.php\/wp-json\/wp\/v2\/posts\/99331","targetHints":{"allow":["GET"]}}],"collection":[{"href":"https:\/\/folhapopular.info\/index.php\/wp-json\/wp\/v2\/posts"}],"about":[{"href":"https:\/\/folhapopular.info\/index.php\/wp-json\/wp\/v2\/types\/post"}],"author":[{"embeddable":true,"href":"https:\/\/folhapopular.info\/index.php\/wp-json\/wp\/v2\/users\/625"}],"replies":[{"embeddable":true,"href":"https:\/\/folhapopular.info\/index.php\/wp-json\/wp\/v2\/comments?post=99331"}],"version-history":[{"count":0,"href":"https:\/\/folhapopular.info\/index.php\/wp-json\/wp\/v2\/posts\/99331\/revisions"}],"wp:featuredmedia":[{"embeddable":true,"href":"https:\/\/folhapopular.info\/index.php\/wp-json\/wp\/v2\/media\/99332"}],"wp:attachment":[{"href":"https:\/\/folhapopular.info\/index.php\/wp-json\/wp\/v2\/media?parent=99331"}],"wp:term":[{"taxonomy":"category","embeddable":true,"href":"https:\/\/folhapopular.info\/index.php\/wp-json\/wp\/v2\/categories?post=99331"},{"taxonomy":"post_tag","embeddable":true,"href":"https:\/\/folhapopular.info\/index.php\/wp-json\/wp\/v2\/tags?post=99331"}],"curies":[{"name":"wp","href":"https:\/\/api.w.org\/{rel}","templated":true}]}}