{"id":99529,"date":"2022-03-04T10:00:00","date_gmt":"2022-03-04T13:00:00","guid":{"rendered":"https:\/\/folhapopular.info\/?p=99529"},"modified":"2022-03-03T17:32:13","modified_gmt":"2022-03-03T20:32:13","slug":"prefeitura-de-lajeado-organiza-mutirao-contra-a-dengue-no-bairro-bom-pastor","status":"publish","type":"post","link":"https:\/\/folhapopular.info\/index.php\/2022\/03\/04\/prefeitura-de-lajeado-organiza-mutirao-contra-a-dengue-no-bairro-bom-pastor\/","title":{"rendered":"Prefeitura de Lajeado organiza mutir\u00e3o contra a Dengue no Bairro Bom Pastor"},"content":{"rendered":"\n<p>Diante do aumento do n\u00famero de casos confirmados e suspeitos de dengue no munic\u00edpio, a Prefeitura de Lajeado far\u00e1 no domingo (6\/3), o primeiro Mutir\u00e3o Lajeado Contra a Dengue deste ano. O ponto de encontro das equipes participantes ser\u00e1 no bairro Bom Pastor, um dos mais afetados neste momento, junto \u00e0 EMEI que est\u00e1 em constru\u00e7\u00e3o no bairro.<br>&#8211; Nossa ideia \u00e9 chamar a aten\u00e7\u00e3o da popula\u00e7\u00e3o de toda a cidade por meio dos mutir\u00f5es. Vamos reunir diversas equipes da Prefeitura para orientar a comunidade e tamb\u00e9m para recolher lixo, eliminando\u00a0os focos do transmissor da Dengue, al\u00e9m de\u00a0notificar terrenos e constru\u00e7\u00f5es abandonados, nas quais se localizem poss\u00edveis criadouros. N\u00e3o podemos ter criadouros de mosquitos na cidade. S\u00f3 assim poderemos vencer esta nova batalha da sa\u00fade. E como os mosquitos\u00a0<em>Aedes aegypti<\/em>\u00a0est\u00e3o na casa das pessoas e \u00e9 l\u00e1 que se procriam, n\u00e3o adianta apenas a Prefeitura agir. Nosso papel \u00e9 alertar, e a comunidade precisa fazer a sua parte &#8211; disse o secret\u00e1rio municipal da Sa\u00fade, Dr. Cl\u00e1udio Andr\u00e9 Klein.<br>Diversas atividades est\u00e3o previstas para acontecer a partir das 8h da manh\u00e3. Neste mutir\u00e3o, a a\u00e7\u00e3o ser\u00e1 focada na regi\u00e3o com maior n\u00famero de casos positivos e suspeitos. Nos pr\u00f3ximos domingos, outros mutir\u00f5es ser\u00e3o realizados em outros bairros para alertar a comunidade sobre a import\u00e2ncia de agir.<\/p>\n\n\n\n<p><strong>Atividades do Mutir\u00e3o Lajeado Contra a Dengue<\/strong><br>Local: Bairro Bom Pastor, junto \u00e0 EMEI em constru\u00e7\u00e3o, a partir das 8h<br>&#8211; Agentes de endemias abordar\u00e3o as resid\u00eancias localizadas pr\u00f3ximas aos pontos focais para informar os moradores sobre as medidas a serem tomadas e para ajudar na fiscaliza\u00e7\u00e3o do p\u00e1tio e da casa para identificar pontos de prolifera\u00e7\u00e3o do mosquito<br>&#8211; Caminh\u00f5es e retroescavadeiras da Prefeitura ajudar\u00e3o a recolher lixo de todos os tipos em todo o bairro- Fiscais avaliar\u00e3o terrenos que necessitam ser ro\u00e7ados e limpos para notificar os propriet\u00e1rios sobre a necessidade de providenciar a a\u00e7\u00e3o- Folders sobre como combater o mosquito ser\u00e3o distribu\u00eddos no bairro- Os agentes de combate a endemias avisar\u00e3o moradores da \u00e1rea mais cr\u00edtica sobre cuidados que dever\u00e3o tomar na segunda-feira porque, nestas \u00e1reas, haver\u00e1 aplica\u00e7\u00e3o de um produto espec\u00edfico, com o objetivo de matar as f\u00eameas contaminadas com o v\u00edrus para interromper a transmiss\u00e3o da dengue. Importante salientar que este produto s\u00f3 atinge mosquitos adultos, ent\u00e3o a limpeza do terreno e a destrui\u00e7\u00e3o de pontos de ac\u00famulo de \u00e1gua \u00e9 essencial para que os ovos e as larvas j\u00e1 depositados n\u00e3o se desenvolvam. A aplica\u00e7\u00e3o \u00e9 criteriosa e \u00e9 feita somente nas casas que est\u00e3o dentro de um raio de a\u00e7\u00e3o definido pela equipe da Vigil\u00e2ncia Ambienta, respeitando as normas e diretrizes nacionais para controle das doen\u00e7as transmitidas pelo mosquito Aedes aegypti. A ocorr\u00eancia de vento forte ou chuva pode adiar ou impedir uma a\u00e7\u00e3o agendada.<\/p>\n\n\n\n<p><br><strong>Casos confirmados e suspeitos<\/strong><br>Nesta quinta-feira (3\/3), Lajeado conta com 6 casos confirmados de dengue (bairros Bom Pastor, Olarias, Conventos e Moinhos d\u00b4\u00c1gua), 1 negativo e 122 casos suspeitos (aguardando confirma\u00e7\u00e3o de exame ou aguardando a data ideal para coleta do exame).<br>Dos 27 bairros de Lajeado, 17 j\u00e1 contam com casos suspeitos, e os mais afetados s\u00e3o Bom Pastor, Florestal, Conventos, Olarias e S\u00e3o Crist\u00f3v\u00e3o.<\/p>\n\n\n\n<p><br><strong>Uso do repelente<\/strong><br>Uma forma de evitar a contamina\u00e7\u00e3o \u00e9 o uso e reaplica\u00e7\u00e3o cont\u00ednua de repelente de insetos. Isso afasta os mosquitos, evitando a picada por um mosquito potencialmente contaminado, e ao mesmo tempo evita que um mosquito se contamine ao picar um doente e transmita a doen\u00e7a para outras pessoas. Estima-se que um \u00fanico mosquito contaminado possa passar a dengue para 300 pessoas.<\/p>\n\n\n\n<p><br><strong>Fique atento aos principais sintomas da dengue:<\/strong><br>&#8211; Febre alta, maior que 38,5\u00baC de in\u00edcio s\u00fabito- Dores musculares intensas- Dor ao movimentar os olhos- Mal estar- Falta de apetite-\u00a0Dor de cabe\u00e7a- Manchas vermelhas no corpo<br>Aten\u00e7\u00e3o: Em caso de identifica\u00e7\u00e3o dos sintomas e suspeita de dengue, procure atendimento m\u00e9dico para realizar o diagn\u00f3stico.\u00a0<\/p>\n\n\n\n<p><br><strong>Como se proteger e evitar a transmiss\u00e3o:<\/strong><br>&#8211; Mantenha fechadas as tampas de vasos sanit\u00e1rios e de ralos pouco usados, como os de \u00e1reas de servi\u00e7o e de lazer, que tenham a possibilidade de acumular \u00e1gua- Se for viajar, feche tamb\u00e9m os ralos dos banheiros e a tampa dos vasos sanit\u00e1rios- Mantenha o p\u00e1tio sempre limpo, descartando adequadamente o que n\u00e3o \u00e9 utilizado- Descarte corretamente recipientes em desuso, que possam acumular \u00e1gua, como: potes, tampinhas de garrafa, folhas, sacolas pl\u00e1sticas, etc.- Tampe ton\u00e9is, caixas d\u2019\u00e1gua e qualquer tipo de recipiente que possa acumular \u00e1gua- Certifique-se de que as lonas de cobertura de piscina ou caixas d\u00b4\u00e1gua, por exemplo, estejam bem esticadas para n\u00e3o haver ac\u00famulo de \u00e1gua- N\u00e3o deixe acumular \u00e1gua nos vasos de plantas- Mantenha a bandeja de degelo da geladeira limpa e sem \u00e1gua- Se por algum motivo tiver pneus no quintal, mantenha-os secos e abrigue-os em local coberto, ou descarte-os corretamente se n\u00e3o tiverem utilidade- Escove bem as bordas dos recipientes (vasilha de \u00e1gua e comida de animais, vasos de plantas, ton\u00e9is, caixas d\u2019\u00e1gua) e mantenha-os sempre limpos- Fa\u00e7a o tratamento com cloro na \u00e1gua das piscinas<\/p>\n\n\n\n<p><br>Para den\u00fancias de focos do mosquito entre em contato com a Vigil\u00e2ncia Ambiental pelo fone (51) 3982-1216.<\/p>\n","protected":false},"excerpt":{"rendered":"<p>Diante do aumento do n\u00famero de casos confirmados e suspeitos de dengue no munic\u00edpio, a Prefeitura de Lajeado far\u00e1 no domingo (6\/3), o primeiro Mutir\u00e3o Lajeado Contra a Dengue deste ano. O ponto de encontro das equipes participantes ser\u00e1 no bairro Bom Pastor, um dos mais afetados neste momento, junto \u00e0 EMEI que est\u00e1 em [&hellip;]<\/p>\n","protected":false},"author":8,"featured_media":99531,"comment_status":"open","ping_status":"open","sticky":false,"template":"","format":"standard","meta":{"pmpro_default_level":"","_jetpack_memberships_contains_paid_content":false,"footnotes":""},"categories":[2,3],"tags":[7648,1562,27,1064,1855],"class_list":{"0":"post-99529","1":"post","2":"type-post","3":"status-publish","4":"format-standard","5":"has-post-thumbnail","7":"category-featured","8":"category-geral","9":"tag-bairro-bom-pastor","10":"tag-dengue","11":"tag-lajeado","12":"tag-mutirao","13":"tag-prefeitura","14":"pmpro-has-access"},"yoast_head":"<!-- This site is optimized with the Yoast SEO plugin v27.5 - https:\/\/yoast.com\/product\/yoast-seo-wordpress\/ -->\n<title>Prefeitura de Lajeado organiza mutir\u00e3o contra a Dengue no Bairro Bom Pastor - Folha Popular<\/title>\n<meta name=\"robots\" content=\"index, follow, max-snippet:-1, max-image-preview:large, max-video-preview:-1\" \/>\n<link rel=\"canonical\" href=\"https:\/\/folhapopular.info\/index.php\/2022\/03\/04\/prefeitura-de-lajeado-organiza-mutirao-contra-a-dengue-no-bairro-bom-pastor\/\" \/>\n<meta property=\"og:locale\" content=\"pt_BR\" \/>\n<meta property=\"og:type\" content=\"article\" \/>\n<meta property=\"og:title\" content=\"Prefeitura de Lajeado organiza mutir\u00e3o contra a Dengue no Bairro Bom Pastor - Folha Popular\" \/>\n<meta property=\"og:description\" content=\"Diante do aumento do n\u00famero de casos confirmados e suspeitos de dengue no munic\u00edpio, a Prefeitura de Lajeado far\u00e1 no domingo (6\/3), o primeiro Mutir\u00e3o Lajeado Contra a Dengue deste ano. O ponto de encontro das equipes participantes ser\u00e1 no bairro Bom Pastor, um dos mais afetados neste momento, junto \u00e0 EMEI que est\u00e1 em [&hellip;]\" \/>\n<meta property=\"og:url\" content=\"https:\/\/folhapopular.info\/index.php\/2022\/03\/04\/prefeitura-de-lajeado-organiza-mutirao-contra-a-dengue-no-bairro-bom-pastor\/\" \/>\n<meta property=\"og:site_name\" content=\"Folha Popular\" \/>\n<meta property=\"article:published_time\" content=\"2022-03-04T13:00:00+00:00\" \/>\n<meta property=\"og:image\" content=\"https:\/\/folhapopular.info\/wp-content\/uploads\/2022\/03\/Acao-e-controle-da-Dengue-Foto-Francini-Ledur-1-scaled-e1646339482206.jpg\" \/>\n\t<meta property=\"og:image:width\" content=\"800\" \/>\n\t<meta property=\"og:image:height\" content=\"450\" \/>\n\t<meta property=\"og:image:type\" content=\"image\/jpeg\" \/>\n<meta name=\"author\" content=\"Reda\u00e7\u00e3o Folha Popular\" \/>\n<meta name=\"twitter:card\" content=\"summary_large_image\" \/>\n<meta name=\"twitter:label1\" content=\"Escrito por\" \/>\n\t<meta name=\"twitter:data1\" content=\"Reda\u00e7\u00e3o Folha Popular\" \/>\n\t<meta name=\"twitter:label2\" content=\"Est. tempo de leitura\" \/>\n\t<meta name=\"twitter:data2\" content=\"5 minutos\" \/>\n<script type=\"application\/ld+json\" class=\"yoast-schema-graph\">{\"@context\":\"https:\\\/\\\/schema.org\",\"@graph\":[{\"@type\":\"Article\",\"@id\":\"https:\\\/\\\/folhapopular.info\\\/index.php\\\/2022\\\/03\\\/04\\\/prefeitura-de-lajeado-organiza-mutirao-contra-a-dengue-no-bairro-bom-pastor\\\/#article\",\"isPartOf\":{\"@id\":\"https:\\\/\\\/folhapopular.info\\\/index.php\\\/2022\\\/03\\\/04\\\/prefeitura-de-lajeado-organiza-mutirao-contra-a-dengue-no-bairro-bom-pastor\\\/\"},\"author\":{\"name\":\"Reda\u00e7\u00e3o Folha Popular\",\"@id\":\"https:\\\/\\\/folhapopular.info\\\/#\\\/schema\\\/person\\\/2814e8a0df7643585a9ca38bc6eb9d4b\"},\"headline\":\"Prefeitura de Lajeado organiza mutir\u00e3o contra a Dengue no Bairro Bom Pastor\",\"datePublished\":\"2022-03-04T13:00:00+00:00\",\"mainEntityOfPage\":{\"@id\":\"https:\\\/\\\/folhapopular.info\\\/index.php\\\/2022\\\/03\\\/04\\\/prefeitura-de-lajeado-organiza-mutirao-contra-a-dengue-no-bairro-bom-pastor\\\/\"},\"wordCount\":945,\"commentCount\":0,\"image\":{\"@id\":\"https:\\\/\\\/folhapopular.info\\\/index.php\\\/2022\\\/03\\\/04\\\/prefeitura-de-lajeado-organiza-mutirao-contra-a-dengue-no-bairro-bom-pastor\\\/#primaryimage\"},\"thumbnailUrl\":\"https:\\\/\\\/folhapopular.info\\\/wp-content\\\/uploads\\\/2022\\\/03\\\/Acao-e-controle-da-Dengue-Foto-Francini-Ledur-1-scaled-e1646339482206.jpg\",\"keywords\":[\"Bairro Bom Pastor\",\"Dengue\",\"Lajeado\",\"Mutir\u00e3o\",\"Prefeitura\"],\"articleSection\":[\"Destaques\",\"Geral\"],\"inLanguage\":\"pt-BR\",\"potentialAction\":[{\"@type\":\"CommentAction\",\"name\":\"Comment\",\"target\":[\"https:\\\/\\\/folhapopular.info\\\/index.php\\\/2022\\\/03\\\/04\\\/prefeitura-de-lajeado-organiza-mutirao-contra-a-dengue-no-bairro-bom-pastor\\\/#respond\"]}]},{\"@type\":\"WebPage\",\"@id\":\"https:\\\/\\\/folhapopular.info\\\/index.php\\\/2022\\\/03\\\/04\\\/prefeitura-de-lajeado-organiza-mutirao-contra-a-dengue-no-bairro-bom-pastor\\\/\",\"url\":\"https:\\\/\\\/folhapopular.info\\\/index.php\\\/2022\\\/03\\\/04\\\/prefeitura-de-lajeado-organiza-mutirao-contra-a-dengue-no-bairro-bom-pastor\\\/\",\"name\":\"Prefeitura de Lajeado organiza mutir\u00e3o contra a Dengue no Bairro Bom Pastor - Folha Popular\",\"isPartOf\":{\"@id\":\"https:\\\/\\\/folhapopular.info\\\/#website\"},\"primaryImageOfPage\":{\"@id\":\"https:\\\/\\\/folhapopular.info\\\/index.php\\\/2022\\\/03\\\/04\\\/prefeitura-de-lajeado-organiza-mutirao-contra-a-dengue-no-bairro-bom-pastor\\\/#primaryimage\"},\"image\":{\"@id\":\"https:\\\/\\\/folhapopular.info\\\/index.php\\\/2022\\\/03\\\/04\\\/prefeitura-de-lajeado-organiza-mutirao-contra-a-dengue-no-bairro-bom-pastor\\\/#primaryimage\"},\"thumbnailUrl\":\"https:\\\/\\\/folhapopular.info\\\/wp-content\\\/uploads\\\/2022\\\/03\\\/Acao-e-controle-da-Dengue-Foto-Francini-Ledur-1-scaled-e1646339482206.jpg\",\"datePublished\":\"2022-03-04T13:00:00+00:00\",\"author\":{\"@id\":\"https:\\\/\\\/folhapopular.info\\\/#\\\/schema\\\/person\\\/2814e8a0df7643585a9ca38bc6eb9d4b\"},\"breadcrumb\":{\"@id\":\"https:\\\/\\\/folhapopular.info\\\/index.php\\\/2022\\\/03\\\/04\\\/prefeitura-de-lajeado-organiza-mutirao-contra-a-dengue-no-bairro-bom-pastor\\\/#breadcrumb\"},\"inLanguage\":\"pt-BR\",\"potentialAction\":[{\"@type\":\"ReadAction\",\"target\":[\"https:\\\/\\\/folhapopular.info\\\/index.php\\\/2022\\\/03\\\/04\\\/prefeitura-de-lajeado-organiza-mutirao-contra-a-dengue-no-bairro-bom-pastor\\\/\"]}]},{\"@type\":\"ImageObject\",\"inLanguage\":\"pt-BR\",\"@id\":\"https:\\\/\\\/folhapopular.info\\\/index.php\\\/2022\\\/03\\\/04\\\/prefeitura-de-lajeado-organiza-mutirao-contra-a-dengue-no-bairro-bom-pastor\\\/#primaryimage\",\"url\":\"https:\\\/\\\/folhapopular.info\\\/wp-content\\\/uploads\\\/2022\\\/03\\\/Acao-e-controle-da-Dengue-Foto-Francini-Ledur-1-scaled-e1646339482206.jpg\",\"contentUrl\":\"https:\\\/\\\/folhapopular.info\\\/wp-content\\\/uploads\\\/2022\\\/03\\\/Acao-e-controle-da-Dengue-Foto-Francini-Ledur-1-scaled-e1646339482206.jpg\",\"width\":800,\"height\":450,\"caption\":\"A\u00e7\u00e3o e controle da Dengue \\\/ Cr\u00e9dito: Francini Ledur\"},{\"@type\":\"BreadcrumbList\",\"@id\":\"https:\\\/\\\/folhapopular.info\\\/index.php\\\/2022\\\/03\\\/04\\\/prefeitura-de-lajeado-organiza-mutirao-contra-a-dengue-no-bairro-bom-pastor\\\/#breadcrumb\",\"itemListElement\":[{\"@type\":\"ListItem\",\"position\":1,\"name\":\"In\u00edcio\",\"item\":\"https:\\\/\\\/folhapopular.info\\\/\"},{\"@type\":\"ListItem\",\"position\":2,\"name\":\"Prefeitura de Lajeado organiza mutir\u00e3o contra a Dengue no Bairro Bom Pastor\"}]},{\"@type\":\"WebSite\",\"@id\":\"https:\\\/\\\/folhapopular.info\\\/#website\",\"url\":\"https:\\\/\\\/folhapopular.info\\\/\",\"name\":\"Folha Popular\",\"description\":\"Onde voc\u00ea tem vez e voz\",\"potentialAction\":[{\"@type\":\"SearchAction\",\"target\":{\"@type\":\"EntryPoint\",\"urlTemplate\":\"https:\\\/\\\/folhapopular.info\\\/?s={search_term_string}\"},\"query-input\":{\"@type\":\"PropertyValueSpecification\",\"valueRequired\":true,\"valueName\":\"search_term_string\"}}],\"inLanguage\":\"pt-BR\"},{\"@type\":\"Person\",\"@id\":\"https:\\\/\\\/folhapopular.info\\\/#\\\/schema\\\/person\\\/2814e8a0df7643585a9ca38bc6eb9d4b\",\"name\":\"Reda\u00e7\u00e3o Folha Popular\",\"image\":{\"@type\":\"ImageObject\",\"inLanguage\":\"pt-BR\",\"@id\":\"https:\\\/\\\/folhapopular.info\\\/wp-content\\\/uploads\\\/2026\\\/04\\\/Folha-1.webp\",\"url\":\"https:\\\/\\\/folhapopular.info\\\/wp-content\\\/uploads\\\/2026\\\/04\\\/Folha-1.webp\",\"contentUrl\":\"https:\\\/\\\/folhapopular.info\\\/wp-content\\\/uploads\\\/2026\\\/04\\\/Folha-1.webp\",\"caption\":\"Reda\u00e7\u00e3o Folha Popular\"},\"url\":\"https:\\\/\\\/folhapopular.info\\\/index.php\\\/author\\\/redacao\\\/\"}]}<\/script>\n<!-- \/ Yoast SEO plugin. -->","yoast_head_json":{"title":"Prefeitura de Lajeado organiza mutir\u00e3o contra a Dengue no Bairro Bom Pastor - Folha Popular","robots":{"index":"index","follow":"follow","max-snippet":"max-snippet:-1","max-image-preview":"max-image-preview:large","max-video-preview":"max-video-preview:-1"},"canonical":"https:\/\/folhapopular.info\/index.php\/2022\/03\/04\/prefeitura-de-lajeado-organiza-mutirao-contra-a-dengue-no-bairro-bom-pastor\/","og_locale":"pt_BR","og_type":"article","og_title":"Prefeitura de Lajeado organiza mutir\u00e3o contra a Dengue no Bairro Bom Pastor - Folha Popular","og_description":"Diante do aumento do n\u00famero de casos confirmados e suspeitos de dengue no munic\u00edpio, a Prefeitura de Lajeado far\u00e1 no domingo (6\/3), o primeiro Mutir\u00e3o Lajeado Contra a Dengue deste ano. O ponto de encontro das equipes participantes ser\u00e1 no bairro Bom Pastor, um dos mais afetados neste momento, junto \u00e0 EMEI que est\u00e1 em [&hellip;]","og_url":"https:\/\/folhapopular.info\/index.php\/2022\/03\/04\/prefeitura-de-lajeado-organiza-mutirao-contra-a-dengue-no-bairro-bom-pastor\/","og_site_name":"Folha Popular","article_published_time":"2022-03-04T13:00:00+00:00","og_image":[{"width":800,"height":450,"url":"https:\/\/folhapopular.info\/wp-content\/uploads\/2022\/03\/Acao-e-controle-da-Dengue-Foto-Francini-Ledur-1-scaled-e1646339482206.jpg","type":"image\/jpeg"}],"author":"Reda\u00e7\u00e3o Folha Popular","twitter_card":"summary_large_image","twitter_misc":{"Escrito por":"Reda\u00e7\u00e3o Folha Popular","Est. tempo de leitura":"5 minutos"},"schema":{"@context":"https:\/\/schema.org","@graph":[{"@type":"Article","@id":"https:\/\/folhapopular.info\/index.php\/2022\/03\/04\/prefeitura-de-lajeado-organiza-mutirao-contra-a-dengue-no-bairro-bom-pastor\/#article","isPartOf":{"@id":"https:\/\/folhapopular.info\/index.php\/2022\/03\/04\/prefeitura-de-lajeado-organiza-mutirao-contra-a-dengue-no-bairro-bom-pastor\/"},"author":{"name":"Reda\u00e7\u00e3o Folha Popular","@id":"https:\/\/folhapopular.info\/#\/schema\/person\/2814e8a0df7643585a9ca38bc6eb9d4b"},"headline":"Prefeitura de Lajeado organiza mutir\u00e3o contra a Dengue no Bairro Bom Pastor","datePublished":"2022-03-04T13:00:00+00:00","mainEntityOfPage":{"@id":"https:\/\/folhapopular.info\/index.php\/2022\/03\/04\/prefeitura-de-lajeado-organiza-mutirao-contra-a-dengue-no-bairro-bom-pastor\/"},"wordCount":945,"commentCount":0,"image":{"@id":"https:\/\/folhapopular.info\/index.php\/2022\/03\/04\/prefeitura-de-lajeado-organiza-mutirao-contra-a-dengue-no-bairro-bom-pastor\/#primaryimage"},"thumbnailUrl":"https:\/\/folhapopular.info\/wp-content\/uploads\/2022\/03\/Acao-e-controle-da-Dengue-Foto-Francini-Ledur-1-scaled-e1646339482206.jpg","keywords":["Bairro Bom Pastor","Dengue","Lajeado","Mutir\u00e3o","Prefeitura"],"articleSection":["Destaques","Geral"],"inLanguage":"pt-BR","potentialAction":[{"@type":"CommentAction","name":"Comment","target":["https:\/\/folhapopular.info\/index.php\/2022\/03\/04\/prefeitura-de-lajeado-organiza-mutirao-contra-a-dengue-no-bairro-bom-pastor\/#respond"]}]},{"@type":"WebPage","@id":"https:\/\/folhapopular.info\/index.php\/2022\/03\/04\/prefeitura-de-lajeado-organiza-mutirao-contra-a-dengue-no-bairro-bom-pastor\/","url":"https:\/\/folhapopular.info\/index.php\/2022\/03\/04\/prefeitura-de-lajeado-organiza-mutirao-contra-a-dengue-no-bairro-bom-pastor\/","name":"Prefeitura de Lajeado organiza mutir\u00e3o contra a Dengue no Bairro Bom Pastor - Folha Popular","isPartOf":{"@id":"https:\/\/folhapopular.info\/#website"},"primaryImageOfPage":{"@id":"https:\/\/folhapopular.info\/index.php\/2022\/03\/04\/prefeitura-de-lajeado-organiza-mutirao-contra-a-dengue-no-bairro-bom-pastor\/#primaryimage"},"image":{"@id":"https:\/\/folhapopular.info\/index.php\/2022\/03\/04\/prefeitura-de-lajeado-organiza-mutirao-contra-a-dengue-no-bairro-bom-pastor\/#primaryimage"},"thumbnailUrl":"https:\/\/folhapopular.info\/wp-content\/uploads\/2022\/03\/Acao-e-controle-da-Dengue-Foto-Francini-Ledur-1-scaled-e1646339482206.jpg","datePublished":"2022-03-04T13:00:00+00:00","author":{"@id":"https:\/\/folhapopular.info\/#\/schema\/person\/2814e8a0df7643585a9ca38bc6eb9d4b"},"breadcrumb":{"@id":"https:\/\/folhapopular.info\/index.php\/2022\/03\/04\/prefeitura-de-lajeado-organiza-mutirao-contra-a-dengue-no-bairro-bom-pastor\/#breadcrumb"},"inLanguage":"pt-BR","potentialAction":[{"@type":"ReadAction","target":["https:\/\/folhapopular.info\/index.php\/2022\/03\/04\/prefeitura-de-lajeado-organiza-mutirao-contra-a-dengue-no-bairro-bom-pastor\/"]}]},{"@type":"ImageObject","inLanguage":"pt-BR","@id":"https:\/\/folhapopular.info\/index.php\/2022\/03\/04\/prefeitura-de-lajeado-organiza-mutirao-contra-a-dengue-no-bairro-bom-pastor\/#primaryimage","url":"https:\/\/folhapopular.info\/wp-content\/uploads\/2022\/03\/Acao-e-controle-da-Dengue-Foto-Francini-Ledur-1-scaled-e1646339482206.jpg","contentUrl":"https:\/\/folhapopular.info\/wp-content\/uploads\/2022\/03\/Acao-e-controle-da-Dengue-Foto-Francini-Ledur-1-scaled-e1646339482206.jpg","width":800,"height":450,"caption":"A\u00e7\u00e3o e controle da Dengue \/ Cr\u00e9dito: Francini Ledur"},{"@type":"BreadcrumbList","@id":"https:\/\/folhapopular.info\/index.php\/2022\/03\/04\/prefeitura-de-lajeado-organiza-mutirao-contra-a-dengue-no-bairro-bom-pastor\/#breadcrumb","itemListElement":[{"@type":"ListItem","position":1,"name":"In\u00edcio","item":"https:\/\/folhapopular.info\/"},{"@type":"ListItem","position":2,"name":"Prefeitura de Lajeado organiza mutir\u00e3o contra a Dengue no Bairro Bom Pastor"}]},{"@type":"WebSite","@id":"https:\/\/folhapopular.info\/#website","url":"https:\/\/folhapopular.info\/","name":"Folha Popular","description":"Onde voc\u00ea tem vez e voz","potentialAction":[{"@type":"SearchAction","target":{"@type":"EntryPoint","urlTemplate":"https:\/\/folhapopular.info\/?s={search_term_string}"},"query-input":{"@type":"PropertyValueSpecification","valueRequired":true,"valueName":"search_term_string"}}],"inLanguage":"pt-BR"},{"@type":"Person","@id":"https:\/\/folhapopular.info\/#\/schema\/person\/2814e8a0df7643585a9ca38bc6eb9d4b","name":"Reda\u00e7\u00e3o Folha Popular","image":{"@type":"ImageObject","inLanguage":"pt-BR","@id":"https:\/\/folhapopular.info\/wp-content\/uploads\/2026\/04\/Folha-1.webp","url":"https:\/\/folhapopular.info\/wp-content\/uploads\/2026\/04\/Folha-1.webp","contentUrl":"https:\/\/folhapopular.info\/wp-content\/uploads\/2026\/04\/Folha-1.webp","caption":"Reda\u00e7\u00e3o Folha Popular"},"url":"https:\/\/folhapopular.info\/index.php\/author\/redacao\/"}]}},"jetpack_featured_media_url":"https:\/\/folhapopular.info\/wp-content\/uploads\/2022\/03\/Acao-e-controle-da-Dengue-Foto-Francini-Ledur-1-scaled-e1646339482206.jpg","jetpack_sharing_enabled":true,"amp_enabled":true,"_links":{"self":[{"href":"https:\/\/folhapopular.info\/index.php\/wp-json\/wp\/v2\/posts\/99529","targetHints":{"allow":["GET"]}}],"collection":[{"href":"https:\/\/folhapopular.info\/index.php\/wp-json\/wp\/v2\/posts"}],"about":[{"href":"https:\/\/folhapopular.info\/index.php\/wp-json\/wp\/v2\/types\/post"}],"author":[{"embeddable":true,"href":"https:\/\/folhapopular.info\/index.php\/wp-json\/wp\/v2\/users\/8"}],"replies":[{"embeddable":true,"href":"https:\/\/folhapopular.info\/index.php\/wp-json\/wp\/v2\/comments?post=99529"}],"version-history":[{"count":0,"href":"https:\/\/folhapopular.info\/index.php\/wp-json\/wp\/v2\/posts\/99529\/revisions"}],"wp:featuredmedia":[{"embeddable":true,"href":"https:\/\/folhapopular.info\/index.php\/wp-json\/wp\/v2\/media\/99531"}],"wp:attachment":[{"href":"https:\/\/folhapopular.info\/index.php\/wp-json\/wp\/v2\/media?parent=99529"}],"wp:term":[{"taxonomy":"category","embeddable":true,"href":"https:\/\/folhapopular.info\/index.php\/wp-json\/wp\/v2\/categories?post=99529"},{"taxonomy":"post_tag","embeddable":true,"href":"https:\/\/folhapopular.info\/index.php\/wp-json\/wp\/v2\/tags?post=99529"}],"curies":[{"name":"wp","href":"https:\/\/api.w.org\/{rel}","templated":true}]}}