{"id":99552,"date":"2022-03-04T11:00:06","date_gmt":"2022-03-04T14:00:06","guid":{"rendered":"https:\/\/folhapopular.info\/?p=99552"},"modified":"2022-03-04T11:00:40","modified_gmt":"2022-03-04T14:00:40","slug":"teutonia-amplia-sistema-de-videomonitoramento-no-centro-administrativo-municipal","status":"publish","type":"post","link":"https:\/\/folhapopular.info\/index.php\/2022\/03\/04\/teutonia-amplia-sistema-de-videomonitoramento-no-centro-administrativo-municipal\/","title":{"rendered":"Teut\u00f4nia amplia sistema de videomonitoramento no Centro Administrativo Municipal"},"content":{"rendered":"\n<p>A Secretaria de Administra\u00e7\u00e3o providenciou a amplia\u00e7\u00e3o do sistema de videomonitoramento no Centro Administrativo Municipal, a fim de oferecer mais seguran\u00e7a aos&nbsp;servidores e mun\u00edcipes que frequentam o local, assim como, para&nbsp;garantir a&nbsp;preserva\u00e7\u00e3o do patrim\u00f4nio p\u00fablico, visto que frequentemente sofria depreda\u00e7\u00f5es.<\/p>\n\n\n\n<p>O sistema de videomonitoramento funciona 24 horas por dia, gravando imagens que s\u00e3o monitoradas internamente, sendo que, a partir da segunda quinzena do m\u00eas de fevereiro, conta com mais 24 c\u00e2meras em pontos estrat\u00e9gicos, totalizando 36 c\u00e2meras. Deste total, 14 foram instaladas no Pavilh\u00e3o Multiuso, a fim de oferecer um local mais seguro aos cidad\u00e3os que frequentam o ambiente aos finais de semana, assim como, aos expositores da Festa de Maio e demais feiras e eventos realizadas no Pavilh\u00e3o. A medida tamb\u00e9m trar\u00e1 mais seguran\u00e7a \u00e0 frota de ve\u00edculos pertencente ao munic\u00edpio. \u00c9 importante ressaltar que estas c\u00e2meras fazem parte do sistema do circuito fechado de TV (CFTV) do Centro Administrativo Municipal.<\/p>\n\n\n\n<p>O prefeito, Celso Alo\u00edsio Forneck, destacou a import\u00e2ncia da amplia\u00e7\u00e3o para a seguran\u00e7a do Centro Administrativo Municipal, bem como, das pessoas que o frequentam \u201cCom a amplia\u00e7\u00e3o do sistema de monitoramento estamos oferecendo um ambiente mais seguro aos nossos servidores, mun\u00edcipes e visitantes, sendo que o centro administrativo \u00e9 um dos pontos tur\u00edsticos mais visitados no munic\u00edpio. Tamb\u00e9m ser\u00e1 uma forma de evitar a\u00e7\u00f5es de vandalismo, que ocorrem, principalmente, no pavilh\u00e3o multiuso\u201d, conclui.<\/p>\n\n\n\n<p>A vice-prefeita, Aline R\u00f6hrig Kohl, ressaltou a necessidade de investir cada vez mais em seguran\u00e7a. \u201cEstamos pensando e planejando Teut\u00f4nia para o futuro, ent\u00e3o precisamos pensar na seguran\u00e7a. O Centro Administrativo \u00e9 ponto tur\u00edstico, e por si s\u00f3 j\u00e1 atrai muitos visitantes, ainda mais em dias de grandes eventos, por isso \u00e9 importante que as pessoas saibam que aqui n\u00f3s oferecemos seguran\u00e7a aos nossos mun\u00edcipes, fam\u00edlias que frequentam o local. Essa tamb\u00e9m foi a forma que encontramos de inibir a depreda\u00e7\u00e3o do patrim\u00f4nio p\u00fablico, como o pavilh\u00e3o e a frota de ve\u00edculos\u201d, acrescenta.<\/p>\n","protected":false},"excerpt":{"rendered":"<p>A Secretaria de Administra\u00e7\u00e3o providenciou a amplia\u00e7\u00e3o do sistema de videomonitoramento no Centro Administrativo Municipal, a fim de oferecer mais seguran\u00e7a aos&nbsp;servidores e mun\u00edcipes que frequentam o local, assim como, para&nbsp;garantir a&nbsp;preserva\u00e7\u00e3o do patrim\u00f4nio p\u00fablico, visto que frequentemente sofria depreda\u00e7\u00f5es. O sistema de videomonitoramento funciona 24 horas por dia, gravando imagens que s\u00e3o monitoradas internamente, [&hellip;]<\/p>\n","protected":false},"author":8,"featured_media":99553,"comment_status":"open","ping_status":"open","sticky":false,"template":"","format":"standard","meta":{"pmpro_default_level":"","_jetpack_memberships_contains_paid_content":false,"footnotes":""},"categories":[2,3],"tags":[1348,180,4036,26],"class_list":{"0":"post-99552","1":"post","2":"type-post","3":"status-publish","4":"format-standard","5":"has-post-thumbnail","7":"category-featured","8":"category-geral","9":"tag-centro-administrativo","10":"tag-seguranca","11":"tag-sistema-de-videomonitoramento","12":"tag-teutonia","13":"pmpro-has-access"},"yoast_head":"<!-- This site is optimized with the Yoast SEO plugin v27.5 - https:\/\/yoast.com\/product\/yoast-seo-wordpress\/ -->\n<title>Teut\u00f4nia amplia sistema de videomonitoramento no Centro Administrativo Municipal - Folha Popular<\/title>\n<meta name=\"robots\" content=\"index, follow, max-snippet:-1, max-image-preview:large, max-video-preview:-1\" \/>\n<link rel=\"canonical\" href=\"https:\/\/folhapopular.info\/index.php\/2022\/03\/04\/teutonia-amplia-sistema-de-videomonitoramento-no-centro-administrativo-municipal\/\" \/>\n<meta property=\"og:locale\" content=\"pt_BR\" \/>\n<meta property=\"og:type\" content=\"article\" \/>\n<meta property=\"og:title\" content=\"Teut\u00f4nia amplia sistema de videomonitoramento no Centro Administrativo Municipal - Folha Popular\" \/>\n<meta property=\"og:description\" content=\"A Secretaria de Administra\u00e7\u00e3o providenciou a amplia\u00e7\u00e3o do sistema de videomonitoramento no Centro Administrativo Municipal, a fim de oferecer mais seguran\u00e7a aos&nbsp;servidores e mun\u00edcipes que frequentam o local, assim como, para&nbsp;garantir a&nbsp;preserva\u00e7\u00e3o do patrim\u00f4nio p\u00fablico, visto que frequentemente sofria depreda\u00e7\u00f5es. O sistema de videomonitoramento funciona 24 horas por dia, gravando imagens que s\u00e3o monitoradas internamente, [&hellip;]\" \/>\n<meta property=\"og:url\" content=\"https:\/\/folhapopular.info\/index.php\/2022\/03\/04\/teutonia-amplia-sistema-de-videomonitoramento-no-centro-administrativo-municipal\/\" \/>\n<meta property=\"og:site_name\" content=\"Folha Popular\" \/>\n<meta property=\"article:published_time\" content=\"2022-03-04T14:00:06+00:00\" \/>\n<meta property=\"article:modified_time\" content=\"2022-03-04T14:00:40+00:00\" \/>\n<meta property=\"og:image\" content=\"http:\/\/folhapopular.info\/wp-content\/uploads\/2022\/03\/2022_03_04_Sistema-de-videomonitoramento-e-ampliado-no-Centro-Administrativo-Municipal-scaled-e1646402325361.jpg\" \/>\n\t<meta property=\"og:image:width\" content=\"800\" \/>\n\t<meta property=\"og:image:height\" content=\"525\" \/>\n\t<meta property=\"og:image:type\" content=\"image\/jpeg\" \/>\n<meta name=\"author\" content=\"Reda\u00e7\u00e3o Folha Popular\" \/>\n<meta name=\"twitter:card\" content=\"summary_large_image\" \/>\n<meta name=\"twitter:label1\" content=\"Escrito por\" \/>\n\t<meta name=\"twitter:data1\" content=\"Reda\u00e7\u00e3o Folha Popular\" \/>\n\t<meta name=\"twitter:label2\" content=\"Est. tempo de leitura\" \/>\n\t<meta name=\"twitter:data2\" content=\"2 minutos\" \/>\n<script type=\"application\/ld+json\" class=\"yoast-schema-graph\">{\"@context\":\"https:\\\/\\\/schema.org\",\"@graph\":[{\"@type\":\"Article\",\"@id\":\"https:\\\/\\\/folhapopular.info\\\/index.php\\\/2022\\\/03\\\/04\\\/teutonia-amplia-sistema-de-videomonitoramento-no-centro-administrativo-municipal\\\/#article\",\"isPartOf\":{\"@id\":\"https:\\\/\\\/folhapopular.info\\\/index.php\\\/2022\\\/03\\\/04\\\/teutonia-amplia-sistema-de-videomonitoramento-no-centro-administrativo-municipal\\\/\"},\"author\":{\"name\":\"Reda\u00e7\u00e3o Folha Popular\",\"@id\":\"https:\\\/\\\/folhapopular.info\\\/#\\\/schema\\\/person\\\/2814e8a0df7643585a9ca38bc6eb9d4b\"},\"headline\":\"Teut\u00f4nia amplia sistema de videomonitoramento no Centro Administrativo Municipal\",\"datePublished\":\"2022-03-04T14:00:06+00:00\",\"dateModified\":\"2022-03-04T14:00:40+00:00\",\"mainEntityOfPage\":{\"@id\":\"https:\\\/\\\/folhapopular.info\\\/index.php\\\/2022\\\/03\\\/04\\\/teutonia-amplia-sistema-de-videomonitoramento-no-centro-administrativo-municipal\\\/\"},\"wordCount\":373,\"commentCount\":0,\"image\":{\"@id\":\"https:\\\/\\\/folhapopular.info\\\/index.php\\\/2022\\\/03\\\/04\\\/teutonia-amplia-sistema-de-videomonitoramento-no-centro-administrativo-municipal\\\/#primaryimage\"},\"thumbnailUrl\":\"https:\\\/\\\/folhapopular.info\\\/wp-content\\\/uploads\\\/2022\\\/03\\\/2022_03_04_Sistema-de-videomonitoramento-e-ampliado-no-Centro-Administrativo-Municipal-scaled-e1646402325361.jpg\",\"keywords\":[\"centro administrativo\",\"Seguran\u00e7a\",\"sistema de videomonitoramento\",\"Teut\u00f4nia\"],\"articleSection\":[\"Destaques\",\"Geral\"],\"inLanguage\":\"pt-BR\",\"potentialAction\":[{\"@type\":\"CommentAction\",\"name\":\"Comment\",\"target\":[\"https:\\\/\\\/folhapopular.info\\\/index.php\\\/2022\\\/03\\\/04\\\/teutonia-amplia-sistema-de-videomonitoramento-no-centro-administrativo-municipal\\\/#respond\"]}]},{\"@type\":\"WebPage\",\"@id\":\"https:\\\/\\\/folhapopular.info\\\/index.php\\\/2022\\\/03\\\/04\\\/teutonia-amplia-sistema-de-videomonitoramento-no-centro-administrativo-municipal\\\/\",\"url\":\"https:\\\/\\\/folhapopular.info\\\/index.php\\\/2022\\\/03\\\/04\\\/teutonia-amplia-sistema-de-videomonitoramento-no-centro-administrativo-municipal\\\/\",\"name\":\"Teut\u00f4nia amplia sistema de videomonitoramento no Centro Administrativo Municipal - Folha Popular\",\"isPartOf\":{\"@id\":\"https:\\\/\\\/folhapopular.info\\\/#website\"},\"primaryImageOfPage\":{\"@id\":\"https:\\\/\\\/folhapopular.info\\\/index.php\\\/2022\\\/03\\\/04\\\/teutonia-amplia-sistema-de-videomonitoramento-no-centro-administrativo-municipal\\\/#primaryimage\"},\"image\":{\"@id\":\"https:\\\/\\\/folhapopular.info\\\/index.php\\\/2022\\\/03\\\/04\\\/teutonia-amplia-sistema-de-videomonitoramento-no-centro-administrativo-municipal\\\/#primaryimage\"},\"thumbnailUrl\":\"https:\\\/\\\/folhapopular.info\\\/wp-content\\\/uploads\\\/2022\\\/03\\\/2022_03_04_Sistema-de-videomonitoramento-e-ampliado-no-Centro-Administrativo-Municipal-scaled-e1646402325361.jpg\",\"datePublished\":\"2022-03-04T14:00:06+00:00\",\"dateModified\":\"2022-03-04T14:00:40+00:00\",\"author\":{\"@id\":\"https:\\\/\\\/folhapopular.info\\\/#\\\/schema\\\/person\\\/2814e8a0df7643585a9ca38bc6eb9d4b\"},\"breadcrumb\":{\"@id\":\"https:\\\/\\\/folhapopular.info\\\/index.php\\\/2022\\\/03\\\/04\\\/teutonia-amplia-sistema-de-videomonitoramento-no-centro-administrativo-municipal\\\/#breadcrumb\"},\"inLanguage\":\"pt-BR\",\"potentialAction\":[{\"@type\":\"ReadAction\",\"target\":[\"https:\\\/\\\/folhapopular.info\\\/index.php\\\/2022\\\/03\\\/04\\\/teutonia-amplia-sistema-de-videomonitoramento-no-centro-administrativo-municipal\\\/\"]}]},{\"@type\":\"ImageObject\",\"inLanguage\":\"pt-BR\",\"@id\":\"https:\\\/\\\/folhapopular.info\\\/index.php\\\/2022\\\/03\\\/04\\\/teutonia-amplia-sistema-de-videomonitoramento-no-centro-administrativo-municipal\\\/#primaryimage\",\"url\":\"https:\\\/\\\/folhapopular.info\\\/wp-content\\\/uploads\\\/2022\\\/03\\\/2022_03_04_Sistema-de-videomonitoramento-e-ampliado-no-Centro-Administrativo-Municipal-scaled-e1646402325361.jpg\",\"contentUrl\":\"https:\\\/\\\/folhapopular.info\\\/wp-content\\\/uploads\\\/2022\\\/03\\\/2022_03_04_Sistema-de-videomonitoramento-e-ampliado-no-Centro-Administrativo-Municipal-scaled-e1646402325361.jpg\",\"width\":800,\"height\":525,\"caption\":\"Cr\u00e9dito da foto: Daniel Junior Hauschild \\\/ Divulga\u00e7\u00e3o\"},{\"@type\":\"BreadcrumbList\",\"@id\":\"https:\\\/\\\/folhapopular.info\\\/index.php\\\/2022\\\/03\\\/04\\\/teutonia-amplia-sistema-de-videomonitoramento-no-centro-administrativo-municipal\\\/#breadcrumb\",\"itemListElement\":[{\"@type\":\"ListItem\",\"position\":1,\"name\":\"In\u00edcio\",\"item\":\"https:\\\/\\\/folhapopular.info\\\/\"},{\"@type\":\"ListItem\",\"position\":2,\"name\":\"Teut\u00f4nia amplia sistema de videomonitoramento no Centro Administrativo Municipal\"}]},{\"@type\":\"WebSite\",\"@id\":\"https:\\\/\\\/folhapopular.info\\\/#website\",\"url\":\"https:\\\/\\\/folhapopular.info\\\/\",\"name\":\"Folha Popular\",\"description\":\"Onde voc\u00ea tem vez e voz\",\"potentialAction\":[{\"@type\":\"SearchAction\",\"target\":{\"@type\":\"EntryPoint\",\"urlTemplate\":\"https:\\\/\\\/folhapopular.info\\\/?s={search_term_string}\"},\"query-input\":{\"@type\":\"PropertyValueSpecification\",\"valueRequired\":true,\"valueName\":\"search_term_string\"}}],\"inLanguage\":\"pt-BR\"},{\"@type\":\"Person\",\"@id\":\"https:\\\/\\\/folhapopular.info\\\/#\\\/schema\\\/person\\\/2814e8a0df7643585a9ca38bc6eb9d4b\",\"name\":\"Reda\u00e7\u00e3o Folha Popular\",\"image\":{\"@type\":\"ImageObject\",\"inLanguage\":\"pt-BR\",\"@id\":\"https:\\\/\\\/folhapopular.info\\\/wp-content\\\/uploads\\\/2026\\\/04\\\/Folha-1.webp\",\"url\":\"https:\\\/\\\/folhapopular.info\\\/wp-content\\\/uploads\\\/2026\\\/04\\\/Folha-1.webp\",\"contentUrl\":\"https:\\\/\\\/folhapopular.info\\\/wp-content\\\/uploads\\\/2026\\\/04\\\/Folha-1.webp\",\"caption\":\"Reda\u00e7\u00e3o Folha Popular\"},\"url\":\"https:\\\/\\\/folhapopular.info\\\/index.php\\\/author\\\/redacao\\\/\"}]}<\/script>\n<!-- \/ Yoast SEO plugin. -->","yoast_head_json":{"title":"Teut\u00f4nia amplia sistema de videomonitoramento no Centro Administrativo Municipal - Folha Popular","robots":{"index":"index","follow":"follow","max-snippet":"max-snippet:-1","max-image-preview":"max-image-preview:large","max-video-preview":"max-video-preview:-1"},"canonical":"https:\/\/folhapopular.info\/index.php\/2022\/03\/04\/teutonia-amplia-sistema-de-videomonitoramento-no-centro-administrativo-municipal\/","og_locale":"pt_BR","og_type":"article","og_title":"Teut\u00f4nia amplia sistema de videomonitoramento no Centro Administrativo Municipal - Folha Popular","og_description":"A Secretaria de Administra\u00e7\u00e3o providenciou a amplia\u00e7\u00e3o do sistema de videomonitoramento no Centro Administrativo Municipal, a fim de oferecer mais seguran\u00e7a aos&nbsp;servidores e mun\u00edcipes que frequentam o local, assim como, para&nbsp;garantir a&nbsp;preserva\u00e7\u00e3o do patrim\u00f4nio p\u00fablico, visto que frequentemente sofria depreda\u00e7\u00f5es. O sistema de videomonitoramento funciona 24 horas por dia, gravando imagens que s\u00e3o monitoradas internamente, [&hellip;]","og_url":"https:\/\/folhapopular.info\/index.php\/2022\/03\/04\/teutonia-amplia-sistema-de-videomonitoramento-no-centro-administrativo-municipal\/","og_site_name":"Folha Popular","article_published_time":"2022-03-04T14:00:06+00:00","article_modified_time":"2022-03-04T14:00:40+00:00","og_image":[{"width":800,"height":525,"url":"http:\/\/folhapopular.info\/wp-content\/uploads\/2022\/03\/2022_03_04_Sistema-de-videomonitoramento-e-ampliado-no-Centro-Administrativo-Municipal-scaled-e1646402325361.jpg","type":"image\/jpeg"}],"author":"Reda\u00e7\u00e3o Folha Popular","twitter_card":"summary_large_image","twitter_misc":{"Escrito por":"Reda\u00e7\u00e3o Folha Popular","Est. tempo de leitura":"2 minutos"},"schema":{"@context":"https:\/\/schema.org","@graph":[{"@type":"Article","@id":"https:\/\/folhapopular.info\/index.php\/2022\/03\/04\/teutonia-amplia-sistema-de-videomonitoramento-no-centro-administrativo-municipal\/#article","isPartOf":{"@id":"https:\/\/folhapopular.info\/index.php\/2022\/03\/04\/teutonia-amplia-sistema-de-videomonitoramento-no-centro-administrativo-municipal\/"},"author":{"name":"Reda\u00e7\u00e3o Folha Popular","@id":"https:\/\/folhapopular.info\/#\/schema\/person\/2814e8a0df7643585a9ca38bc6eb9d4b"},"headline":"Teut\u00f4nia amplia sistema de videomonitoramento no Centro Administrativo Municipal","datePublished":"2022-03-04T14:00:06+00:00","dateModified":"2022-03-04T14:00:40+00:00","mainEntityOfPage":{"@id":"https:\/\/folhapopular.info\/index.php\/2022\/03\/04\/teutonia-amplia-sistema-de-videomonitoramento-no-centro-administrativo-municipal\/"},"wordCount":373,"commentCount":0,"image":{"@id":"https:\/\/folhapopular.info\/index.php\/2022\/03\/04\/teutonia-amplia-sistema-de-videomonitoramento-no-centro-administrativo-municipal\/#primaryimage"},"thumbnailUrl":"https:\/\/folhapopular.info\/wp-content\/uploads\/2022\/03\/2022_03_04_Sistema-de-videomonitoramento-e-ampliado-no-Centro-Administrativo-Municipal-scaled-e1646402325361.jpg","keywords":["centro administrativo","Seguran\u00e7a","sistema de videomonitoramento","Teut\u00f4nia"],"articleSection":["Destaques","Geral"],"inLanguage":"pt-BR","potentialAction":[{"@type":"CommentAction","name":"Comment","target":["https:\/\/folhapopular.info\/index.php\/2022\/03\/04\/teutonia-amplia-sistema-de-videomonitoramento-no-centro-administrativo-municipal\/#respond"]}]},{"@type":"WebPage","@id":"https:\/\/folhapopular.info\/index.php\/2022\/03\/04\/teutonia-amplia-sistema-de-videomonitoramento-no-centro-administrativo-municipal\/","url":"https:\/\/folhapopular.info\/index.php\/2022\/03\/04\/teutonia-amplia-sistema-de-videomonitoramento-no-centro-administrativo-municipal\/","name":"Teut\u00f4nia amplia sistema de videomonitoramento no Centro Administrativo Municipal - Folha Popular","isPartOf":{"@id":"https:\/\/folhapopular.info\/#website"},"primaryImageOfPage":{"@id":"https:\/\/folhapopular.info\/index.php\/2022\/03\/04\/teutonia-amplia-sistema-de-videomonitoramento-no-centro-administrativo-municipal\/#primaryimage"},"image":{"@id":"https:\/\/folhapopular.info\/index.php\/2022\/03\/04\/teutonia-amplia-sistema-de-videomonitoramento-no-centro-administrativo-municipal\/#primaryimage"},"thumbnailUrl":"https:\/\/folhapopular.info\/wp-content\/uploads\/2022\/03\/2022_03_04_Sistema-de-videomonitoramento-e-ampliado-no-Centro-Administrativo-Municipal-scaled-e1646402325361.jpg","datePublished":"2022-03-04T14:00:06+00:00","dateModified":"2022-03-04T14:00:40+00:00","author":{"@id":"https:\/\/folhapopular.info\/#\/schema\/person\/2814e8a0df7643585a9ca38bc6eb9d4b"},"breadcrumb":{"@id":"https:\/\/folhapopular.info\/index.php\/2022\/03\/04\/teutonia-amplia-sistema-de-videomonitoramento-no-centro-administrativo-municipal\/#breadcrumb"},"inLanguage":"pt-BR","potentialAction":[{"@type":"ReadAction","target":["https:\/\/folhapopular.info\/index.php\/2022\/03\/04\/teutonia-amplia-sistema-de-videomonitoramento-no-centro-administrativo-municipal\/"]}]},{"@type":"ImageObject","inLanguage":"pt-BR","@id":"https:\/\/folhapopular.info\/index.php\/2022\/03\/04\/teutonia-amplia-sistema-de-videomonitoramento-no-centro-administrativo-municipal\/#primaryimage","url":"https:\/\/folhapopular.info\/wp-content\/uploads\/2022\/03\/2022_03_04_Sistema-de-videomonitoramento-e-ampliado-no-Centro-Administrativo-Municipal-scaled-e1646402325361.jpg","contentUrl":"https:\/\/folhapopular.info\/wp-content\/uploads\/2022\/03\/2022_03_04_Sistema-de-videomonitoramento-e-ampliado-no-Centro-Administrativo-Municipal-scaled-e1646402325361.jpg","width":800,"height":525,"caption":"Cr\u00e9dito da foto: Daniel Junior Hauschild \/ Divulga\u00e7\u00e3o"},{"@type":"BreadcrumbList","@id":"https:\/\/folhapopular.info\/index.php\/2022\/03\/04\/teutonia-amplia-sistema-de-videomonitoramento-no-centro-administrativo-municipal\/#breadcrumb","itemListElement":[{"@type":"ListItem","position":1,"name":"In\u00edcio","item":"https:\/\/folhapopular.info\/"},{"@type":"ListItem","position":2,"name":"Teut\u00f4nia amplia sistema de videomonitoramento no Centro Administrativo Municipal"}]},{"@type":"WebSite","@id":"https:\/\/folhapopular.info\/#website","url":"https:\/\/folhapopular.info\/","name":"Folha Popular","description":"Onde voc\u00ea tem vez e voz","potentialAction":[{"@type":"SearchAction","target":{"@type":"EntryPoint","urlTemplate":"https:\/\/folhapopular.info\/?s={search_term_string}"},"query-input":{"@type":"PropertyValueSpecification","valueRequired":true,"valueName":"search_term_string"}}],"inLanguage":"pt-BR"},{"@type":"Person","@id":"https:\/\/folhapopular.info\/#\/schema\/person\/2814e8a0df7643585a9ca38bc6eb9d4b","name":"Reda\u00e7\u00e3o Folha Popular","image":{"@type":"ImageObject","inLanguage":"pt-BR","@id":"https:\/\/folhapopular.info\/wp-content\/uploads\/2026\/04\/Folha-1.webp","url":"https:\/\/folhapopular.info\/wp-content\/uploads\/2026\/04\/Folha-1.webp","contentUrl":"https:\/\/folhapopular.info\/wp-content\/uploads\/2026\/04\/Folha-1.webp","caption":"Reda\u00e7\u00e3o Folha Popular"},"url":"https:\/\/folhapopular.info\/index.php\/author\/redacao\/"}]}},"jetpack_featured_media_url":"https:\/\/folhapopular.info\/wp-content\/uploads\/2022\/03\/2022_03_04_Sistema-de-videomonitoramento-e-ampliado-no-Centro-Administrativo-Municipal-scaled-e1646402325361.jpg","jetpack_sharing_enabled":true,"amp_enabled":true,"_links":{"self":[{"href":"https:\/\/folhapopular.info\/index.php\/wp-json\/wp\/v2\/posts\/99552","targetHints":{"allow":["GET"]}}],"collection":[{"href":"https:\/\/folhapopular.info\/index.php\/wp-json\/wp\/v2\/posts"}],"about":[{"href":"https:\/\/folhapopular.info\/index.php\/wp-json\/wp\/v2\/types\/post"}],"author":[{"embeddable":true,"href":"https:\/\/folhapopular.info\/index.php\/wp-json\/wp\/v2\/users\/8"}],"replies":[{"embeddable":true,"href":"https:\/\/folhapopular.info\/index.php\/wp-json\/wp\/v2\/comments?post=99552"}],"version-history":[{"count":0,"href":"https:\/\/folhapopular.info\/index.php\/wp-json\/wp\/v2\/posts\/99552\/revisions"}],"wp:featuredmedia":[{"embeddable":true,"href":"https:\/\/folhapopular.info\/index.php\/wp-json\/wp\/v2\/media\/99553"}],"wp:attachment":[{"href":"https:\/\/folhapopular.info\/index.php\/wp-json\/wp\/v2\/media?parent=99552"}],"wp:term":[{"taxonomy":"category","embeddable":true,"href":"https:\/\/folhapopular.info\/index.php\/wp-json\/wp\/v2\/categories?post=99552"},{"taxonomy":"post_tag","embeddable":true,"href":"https:\/\/folhapopular.info\/index.php\/wp-json\/wp\/v2\/tags?post=99552"}],"curies":[{"name":"wp","href":"https:\/\/api.w.org\/{rel}","templated":true}]}}