{"id":99569,"date":"2022-03-04T14:40:00","date_gmt":"2022-03-04T17:40:00","guid":{"rendered":"https:\/\/folhapopular.info\/?p=99569"},"modified":"2022-03-04T14:13:24","modified_gmt":"2022-03-04T17:13:24","slug":"atleta-da-avates-revelada-em-santa-clara-do-sul-integra-selecao-gaucha-sub17-feminina","status":"publish","type":"post","link":"https:\/\/folhapopular.info\/index.php\/2022\/03\/04\/atleta-da-avates-revelada-em-santa-clara-do-sul-integra-selecao-gaucha-sub17-feminina\/","title":{"rendered":"Atleta da Avates, revelada em Santa Clara do Sul, integra Sele\u00e7\u00e3o Ga\u00facha SUB17 Feminina"},"content":{"rendered":"\n<p>Quatro atletas da Avates integram a Sele\u00e7\u00e3o Ga\u00facha SUB17 Feminina. O grupo embarca nesta segunda-feira (7\/3) para Saquarema, no Rio de Janeiro, onde disputar\u00e1 o Campeonato Brasileiro de Sele\u00e7\u00f5es, entre 7 e 12 de mar\u00e7o. Uma destas atletas iniciou sua trajet\u00f3ria no v\u00f4lei em uma escolinha no munic\u00edpio de Santa Clara do Sul.<\/p>\n\n\n\n<p>Josiani Luiza Stein come\u00e7ou a treinar com 7 anos na escolinha mantida pela prefeitura municipal de Santa Clara do Sul e que desenvolve suas atividades em parceria com a Avates. \u201cEla sempre foi respons\u00e1vel, dedicada, al\u00e9m de ter boa altura. H\u00e1 cerca de tr\u00eas anos, participou de um jogo em Estrela e o pessoal entrou em contato comigo pedindo que ela fosse treinar l\u00e1\u201d, lembra o treinador da escolinha em Santa Clara do Sul, Eduardo Castro.\u00a0<\/p>\n\n\n\n<figure class=\"wp-block-image size-large is-resized\"><img decoding=\"async\" src=\"https:\/\/folhapopular.info\/wp-content\/uploads\/2022\/03\/Josiani-1-edited.jpeg\" alt=\"\" class=\"wp-image-99572\" width=\"393\" srcset=\"https:\/\/folhapopular.info\/wp-content\/uploads\/2022\/03\/Josiani-1-edited.jpeg 811w, https:\/\/folhapopular.info\/wp-content\/uploads\/2022\/03\/Josiani-1-edited-225x300.jpeg 225w, https:\/\/folhapopular.info\/wp-content\/uploads\/2022\/03\/Josiani-1-edited-770x1024.jpeg 770w, https:\/\/folhapopular.info\/wp-content\/uploads\/2022\/03\/Josiani-1-edited-768x1022.jpeg 768w, https:\/\/folhapopular.info\/wp-content\/uploads\/2022\/03\/Josiani-1-edited-696x926.jpeg 696w\" sizes=\"(max-width: 811px) 100vw, 811px\" \/><figcaption>Josiani Luiza Stein come\u00e7ou a treinar na escolinha da Avates em Santa Clara do Sul \/ Divulga\u00e7\u00e3o<br><\/figcaption><\/figure>\n\n\n\n<p>Conforme o treinador, uma atleta como Josiani chegar \u00e0 Sele\u00e7\u00e3o Ga\u00facha \u00e9 um orgulho para Santa Clara do Sul e um incentivo para as demais meninas. \u201cVer que ela chegou \u00e0 Sele\u00e7\u00e3o, que ir\u00e1 ao Rio de Janeiro participar de um campeonato t\u00e3o dif\u00edcil, \u00e9 um incentivo para as demais meninas do nosso projeto\u201d, destaca o treinador. A opini\u00e3o \u00e9 compartilhada pelo presidente e coordenador t\u00e9cnico da Avates, Rodrigo Rother. \u201cInvestimos muito para oferecer v\u00f4lei ao m\u00e1ximo de crian\u00e7as poss\u00edvel, em diversos munic\u00edpios. Sempre que alguma delas \u00e9 reconhecida pelo seu talento, serve de exemplo para que outras mais busquem o esporte\u201d, avalia Rother.<\/p>\n\n\n\n<p>Al\u00e9m de Josiani, Julianna Peres Leke, Rafaela Klein Feldens e B\u00e1rbara Fiore Rettore, tamb\u00e9m s\u00e3o atletas formadas na Avates, que far\u00e3o parte da Sele\u00e7\u00e3o. Neste s\u00e1bado (5\/3) elas ainda treinam em Porto Alegre e, na segunda-feira (7\/3), embarcam para o Rio de Janeiro.\u00a0 \u201cNosso trabalho teve v\u00e1rias etapas, com treinos e amistosos. Chegamos a um bom ritmo de jogo para a competi\u00e7\u00e3o, que tem um n\u00edvel muito alto\u201d, ressalta o t\u00e9cnico da Avates e da Sele\u00e7\u00e3o Ga\u00facha, Marco Antonio Espindola Bastiani.\u00a0<\/p>\n\n\n\n<p>Al\u00e9m de Bastiani, a Sele\u00e7\u00e3o Ga\u00facha tem na prepara\u00e7\u00e3o outros t\u00e9cnicos da Avates. O presidente e coordenador t\u00e9cnico da Avates, Rodrigo Lara Rother, \u00e9 o supervisor da equipe; e o preparador f\u00edsico \u00e9 Alexandre Joanella (Roca). Completa a comiss\u00e3o t\u00e9cnica o assistente t\u00e9cnico M\u00e1rcio Machado, do Col\u00e9gio Sinodal, de S\u00e3o Leopoldo.<\/p>\n\n\n\n<p><strong>Time completo<\/strong><br>Confira quem integra a Sele\u00e7\u00e3o Ga\u00facha SUB17 Feminina<br>Julianna Peres Leke &#8211; Martin Luther\/Avates<br>Rafaela Klein Feldens &#8211; Martin Luther\/Avates<br>Josiani Luiza Stein &#8211; Martin Luther\/Avates<br>B\u00e1rbara Fiore Rettore &#8211; Martin Luther\/Avates<br>Gabriela Tedesco Rocha Georg &#8211; Col\u00e9gio Sinodal<br>Mariana Tedesco Rocha Georg &#8211; Col\u00e9gio Sinodal<br>Valentina do Amaral Bagatini &#8211; APV\/UCS<br>Isabela Schnitzer Eugenio &#8211; Gr\u00eamio N\u00e1utico Uni\u00e3o<br>Mariana Cemin Faria &#8211; Gr\u00eamio N\u00e1utico Uni\u00e3o<br>Laura Gaiardo &#8211; Recreio da Juventude<br>Mariana Haas Festugato &#8211; V\u00f4lei Nova Petr\u00f3polis<br>Bethyna Gama Kaiser &#8211; V\u00f4lei Nova Petr\u00f3polis<\/p>\n","protected":false},"excerpt":{"rendered":"<p>Quatro atletas da Avates integram a Sele\u00e7\u00e3o Ga\u00facha SUB17 Feminina. O grupo embarca nesta segunda-feira (7\/3) para Saquarema, no Rio de Janeiro, onde disputar\u00e1 o Campeonato Brasileiro de Sele\u00e7\u00f5es, entre 7 e 12 de mar\u00e7o. Uma destas atletas iniciou sua trajet\u00f3ria no v\u00f4lei em uma escolinha no munic\u00edpio de Santa Clara do Sul. Josiani Luiza [&hellip;]<\/p>\n","protected":false},"author":8,"featured_media":99573,"comment_status":"open","ping_status":"open","sticky":false,"template":"","format":"standard","meta":{"pmpro_default_level":"","_jetpack_memberships_contains_paid_content":false,"footnotes":""},"categories":[2,3],"tags":[2144,5075,1794,3040,2389,4374,3298],"class_list":{"0":"post-99569","1":"post","2":"type-post","3":"status-publish","4":"format-standard","5":"has-post-thumbnail","7":"category-featured","8":"category-geral","9":"tag-avates","10":"tag-categorias","11":"tag-rio-grande-do-sul","12":"tag-santa-clara-do-sul","13":"tag-selecao-feminina","14":"tag-selecao-gaucha","15":"tag-sub-17","16":"pmpro-has-access"},"yoast_head":"<!-- This site is optimized with the Yoast SEO plugin v27.5 - https:\/\/yoast.com\/product\/yoast-seo-wordpress\/ -->\n<title>Atleta da Avates, revelada em Santa Clara do Sul, integra Sele\u00e7\u00e3o Ga\u00facha SUB17 Feminina - Folha Popular<\/title>\n<meta name=\"robots\" content=\"index, follow, max-snippet:-1, max-image-preview:large, max-video-preview:-1\" \/>\n<link rel=\"canonical\" href=\"https:\/\/folhapopular.info\/index.php\/2022\/03\/04\/atleta-da-avates-revelada-em-santa-clara-do-sul-integra-selecao-gaucha-sub17-feminina\/\" \/>\n<meta property=\"og:locale\" content=\"pt_BR\" \/>\n<meta property=\"og:type\" content=\"article\" \/>\n<meta property=\"og:title\" content=\"Atleta da Avates, revelada em Santa Clara do Sul, integra Sele\u00e7\u00e3o Ga\u00facha SUB17 Feminina - Folha Popular\" \/>\n<meta property=\"og:description\" content=\"Quatro atletas da Avates integram a Sele\u00e7\u00e3o Ga\u00facha SUB17 Feminina. O grupo embarca nesta segunda-feira (7\/3) para Saquarema, no Rio de Janeiro, onde disputar\u00e1 o Campeonato Brasileiro de Sele\u00e7\u00f5es, entre 7 e 12 de mar\u00e7o. Uma destas atletas iniciou sua trajet\u00f3ria no v\u00f4lei em uma escolinha no munic\u00edpio de Santa Clara do Sul. Josiani Luiza [&hellip;]\" \/>\n<meta property=\"og:url\" content=\"https:\/\/folhapopular.info\/index.php\/2022\/03\/04\/atleta-da-avates-revelada-em-santa-clara-do-sul-integra-selecao-gaucha-sub17-feminina\/\" \/>\n<meta property=\"og:site_name\" content=\"Folha Popular\" \/>\n<meta property=\"article:published_time\" content=\"2022-03-04T17:40:00+00:00\" \/>\n<meta property=\"og:image\" content=\"https:\/\/folhapopular.info\/wp-content\/uploads\/2022\/03\/atletas-e-tecnico-Marco-e1646413951135.jpeg\" \/>\n\t<meta property=\"og:image:width\" content=\"800\" \/>\n\t<meta property=\"og:image:height\" content=\"600\" \/>\n\t<meta property=\"og:image:type\" content=\"image\/jpeg\" \/>\n<meta name=\"author\" content=\"Reda\u00e7\u00e3o Folha Popular\" \/>\n<meta name=\"twitter:card\" content=\"summary_large_image\" \/>\n<meta name=\"twitter:label1\" content=\"Escrito por\" \/>\n\t<meta name=\"twitter:data1\" content=\"Reda\u00e7\u00e3o Folha Popular\" \/>\n\t<meta name=\"twitter:label2\" content=\"Est. tempo de leitura\" \/>\n\t<meta name=\"twitter:data2\" content=\"3 minutos\" \/>\n<script type=\"application\/ld+json\" class=\"yoast-schema-graph\">{\"@context\":\"https:\\\/\\\/schema.org\",\"@graph\":[{\"@type\":\"Article\",\"@id\":\"https:\\\/\\\/folhapopular.info\\\/index.php\\\/2022\\\/03\\\/04\\\/atleta-da-avates-revelada-em-santa-clara-do-sul-integra-selecao-gaucha-sub17-feminina\\\/#article\",\"isPartOf\":{\"@id\":\"https:\\\/\\\/folhapopular.info\\\/index.php\\\/2022\\\/03\\\/04\\\/atleta-da-avates-revelada-em-santa-clara-do-sul-integra-selecao-gaucha-sub17-feminina\\\/\"},\"author\":{\"name\":\"Reda\u00e7\u00e3o Folha Popular\",\"@id\":\"https:\\\/\\\/folhapopular.info\\\/#\\\/schema\\\/person\\\/2814e8a0df7643585a9ca38bc6eb9d4b\"},\"headline\":\"Atleta da Avates, revelada em Santa Clara do Sul, integra Sele\u00e7\u00e3o Ga\u00facha SUB17 Feminina\",\"datePublished\":\"2022-03-04T17:40:00+00:00\",\"mainEntityOfPage\":{\"@id\":\"https:\\\/\\\/folhapopular.info\\\/index.php\\\/2022\\\/03\\\/04\\\/atleta-da-avates-revelada-em-santa-clara-do-sul-integra-selecao-gaucha-sub17-feminina\\\/\"},\"wordCount\":530,\"commentCount\":0,\"image\":{\"@id\":\"https:\\\/\\\/folhapopular.info\\\/index.php\\\/2022\\\/03\\\/04\\\/atleta-da-avates-revelada-em-santa-clara-do-sul-integra-selecao-gaucha-sub17-feminina\\\/#primaryimage\"},\"thumbnailUrl\":\"https:\\\/\\\/folhapopular.info\\\/wp-content\\\/uploads\\\/2022\\\/03\\\/atletas-e-tecnico-Marco-e1646413951135.jpeg\",\"keywords\":[\"Avates\",\"categorias\",\"Rio Grande do Sul\",\"Santa Clara do Sul\",\"Sele\u00e7\u00e3o Feminina\",\"Sele\u00e7\u00e3o Ga\u00facha\",\"Sub 17\"],\"articleSection\":[\"Destaques\",\"Geral\"],\"inLanguage\":\"pt-BR\",\"potentialAction\":[{\"@type\":\"CommentAction\",\"name\":\"Comment\",\"target\":[\"https:\\\/\\\/folhapopular.info\\\/index.php\\\/2022\\\/03\\\/04\\\/atleta-da-avates-revelada-em-santa-clara-do-sul-integra-selecao-gaucha-sub17-feminina\\\/#respond\"]}]},{\"@type\":\"WebPage\",\"@id\":\"https:\\\/\\\/folhapopular.info\\\/index.php\\\/2022\\\/03\\\/04\\\/atleta-da-avates-revelada-em-santa-clara-do-sul-integra-selecao-gaucha-sub17-feminina\\\/\",\"url\":\"https:\\\/\\\/folhapopular.info\\\/index.php\\\/2022\\\/03\\\/04\\\/atleta-da-avates-revelada-em-santa-clara-do-sul-integra-selecao-gaucha-sub17-feminina\\\/\",\"name\":\"Atleta da Avates, revelada em Santa Clara do Sul, integra Sele\u00e7\u00e3o Ga\u00facha SUB17 Feminina - Folha Popular\",\"isPartOf\":{\"@id\":\"https:\\\/\\\/folhapopular.info\\\/#website\"},\"primaryImageOfPage\":{\"@id\":\"https:\\\/\\\/folhapopular.info\\\/index.php\\\/2022\\\/03\\\/04\\\/atleta-da-avates-revelada-em-santa-clara-do-sul-integra-selecao-gaucha-sub17-feminina\\\/#primaryimage\"},\"image\":{\"@id\":\"https:\\\/\\\/folhapopular.info\\\/index.php\\\/2022\\\/03\\\/04\\\/atleta-da-avates-revelada-em-santa-clara-do-sul-integra-selecao-gaucha-sub17-feminina\\\/#primaryimage\"},\"thumbnailUrl\":\"https:\\\/\\\/folhapopular.info\\\/wp-content\\\/uploads\\\/2022\\\/03\\\/atletas-e-tecnico-Marco-e1646413951135.jpeg\",\"datePublished\":\"2022-03-04T17:40:00+00:00\",\"author\":{\"@id\":\"https:\\\/\\\/folhapopular.info\\\/#\\\/schema\\\/person\\\/2814e8a0df7643585a9ca38bc6eb9d4b\"},\"breadcrumb\":{\"@id\":\"https:\\\/\\\/folhapopular.info\\\/index.php\\\/2022\\\/03\\\/04\\\/atleta-da-avates-revelada-em-santa-clara-do-sul-integra-selecao-gaucha-sub17-feminina\\\/#breadcrumb\"},\"inLanguage\":\"pt-BR\",\"potentialAction\":[{\"@type\":\"ReadAction\",\"target\":[\"https:\\\/\\\/folhapopular.info\\\/index.php\\\/2022\\\/03\\\/04\\\/atleta-da-avates-revelada-em-santa-clara-do-sul-integra-selecao-gaucha-sub17-feminina\\\/\"]}]},{\"@type\":\"ImageObject\",\"inLanguage\":\"pt-BR\",\"@id\":\"https:\\\/\\\/folhapopular.info\\\/index.php\\\/2022\\\/03\\\/04\\\/atleta-da-avates-revelada-em-santa-clara-do-sul-integra-selecao-gaucha-sub17-feminina\\\/#primaryimage\",\"url\":\"https:\\\/\\\/folhapopular.info\\\/wp-content\\\/uploads\\\/2022\\\/03\\\/atletas-e-tecnico-Marco-e1646413951135.jpeg\",\"contentUrl\":\"https:\\\/\\\/folhapopular.info\\\/wp-content\\\/uploads\\\/2022\\\/03\\\/atletas-e-tecnico-Marco-e1646413951135.jpeg\",\"width\":800,\"height\":600,\"caption\":\"Atletas da Avates, Rafaela (8), B\u00e1rbara (11), Josiani (12) e Juliana (7), com o t\u00e9cnico da Avates e da Sele\u00e7\u00e3o Ga\u00facha, Marco Antonio Espindola Bastiani \\\/ Cr\u00e9dito: Divulga\u00e7\u00e3o\"},{\"@type\":\"BreadcrumbList\",\"@id\":\"https:\\\/\\\/folhapopular.info\\\/index.php\\\/2022\\\/03\\\/04\\\/atleta-da-avates-revelada-em-santa-clara-do-sul-integra-selecao-gaucha-sub17-feminina\\\/#breadcrumb\",\"itemListElement\":[{\"@type\":\"ListItem\",\"position\":1,\"name\":\"In\u00edcio\",\"item\":\"https:\\\/\\\/folhapopular.info\\\/\"},{\"@type\":\"ListItem\",\"position\":2,\"name\":\"Atleta da Avates, revelada em Santa Clara do Sul, integra Sele\u00e7\u00e3o Ga\u00facha SUB17 Feminina\"}]},{\"@type\":\"WebSite\",\"@id\":\"https:\\\/\\\/folhapopular.info\\\/#website\",\"url\":\"https:\\\/\\\/folhapopular.info\\\/\",\"name\":\"Folha Popular\",\"description\":\"Onde voc\u00ea tem vez e voz\",\"potentialAction\":[{\"@type\":\"SearchAction\",\"target\":{\"@type\":\"EntryPoint\",\"urlTemplate\":\"https:\\\/\\\/folhapopular.info\\\/?s={search_term_string}\"},\"query-input\":{\"@type\":\"PropertyValueSpecification\",\"valueRequired\":true,\"valueName\":\"search_term_string\"}}],\"inLanguage\":\"pt-BR\"},{\"@type\":\"Person\",\"@id\":\"https:\\\/\\\/folhapopular.info\\\/#\\\/schema\\\/person\\\/2814e8a0df7643585a9ca38bc6eb9d4b\",\"name\":\"Reda\u00e7\u00e3o Folha Popular\",\"image\":{\"@type\":\"ImageObject\",\"inLanguage\":\"pt-BR\",\"@id\":\"https:\\\/\\\/folhapopular.info\\\/wp-content\\\/uploads\\\/2026\\\/04\\\/Folha-1.webp\",\"url\":\"https:\\\/\\\/folhapopular.info\\\/wp-content\\\/uploads\\\/2026\\\/04\\\/Folha-1.webp\",\"contentUrl\":\"https:\\\/\\\/folhapopular.info\\\/wp-content\\\/uploads\\\/2026\\\/04\\\/Folha-1.webp\",\"caption\":\"Reda\u00e7\u00e3o Folha Popular\"},\"url\":\"https:\\\/\\\/folhapopular.info\\\/index.php\\\/author\\\/redacao\\\/\"}]}<\/script>\n<!-- \/ Yoast SEO plugin. -->","yoast_head_json":{"title":"Atleta da Avates, revelada em Santa Clara do Sul, integra Sele\u00e7\u00e3o Ga\u00facha SUB17 Feminina - Folha Popular","robots":{"index":"index","follow":"follow","max-snippet":"max-snippet:-1","max-image-preview":"max-image-preview:large","max-video-preview":"max-video-preview:-1"},"canonical":"https:\/\/folhapopular.info\/index.php\/2022\/03\/04\/atleta-da-avates-revelada-em-santa-clara-do-sul-integra-selecao-gaucha-sub17-feminina\/","og_locale":"pt_BR","og_type":"article","og_title":"Atleta da Avates, revelada em Santa Clara do Sul, integra Sele\u00e7\u00e3o Ga\u00facha SUB17 Feminina - Folha Popular","og_description":"Quatro atletas da Avates integram a Sele\u00e7\u00e3o Ga\u00facha SUB17 Feminina. O grupo embarca nesta segunda-feira (7\/3) para Saquarema, no Rio de Janeiro, onde disputar\u00e1 o Campeonato Brasileiro de Sele\u00e7\u00f5es, entre 7 e 12 de mar\u00e7o. Uma destas atletas iniciou sua trajet\u00f3ria no v\u00f4lei em uma escolinha no munic\u00edpio de Santa Clara do Sul. Josiani Luiza [&hellip;]","og_url":"https:\/\/folhapopular.info\/index.php\/2022\/03\/04\/atleta-da-avates-revelada-em-santa-clara-do-sul-integra-selecao-gaucha-sub17-feminina\/","og_site_name":"Folha Popular","article_published_time":"2022-03-04T17:40:00+00:00","og_image":[{"width":800,"height":600,"url":"https:\/\/folhapopular.info\/wp-content\/uploads\/2022\/03\/atletas-e-tecnico-Marco-e1646413951135.jpeg","type":"image\/jpeg"}],"author":"Reda\u00e7\u00e3o Folha Popular","twitter_card":"summary_large_image","twitter_misc":{"Escrito por":"Reda\u00e7\u00e3o Folha Popular","Est. tempo de leitura":"3 minutos"},"schema":{"@context":"https:\/\/schema.org","@graph":[{"@type":"Article","@id":"https:\/\/folhapopular.info\/index.php\/2022\/03\/04\/atleta-da-avates-revelada-em-santa-clara-do-sul-integra-selecao-gaucha-sub17-feminina\/#article","isPartOf":{"@id":"https:\/\/folhapopular.info\/index.php\/2022\/03\/04\/atleta-da-avates-revelada-em-santa-clara-do-sul-integra-selecao-gaucha-sub17-feminina\/"},"author":{"name":"Reda\u00e7\u00e3o Folha Popular","@id":"https:\/\/folhapopular.info\/#\/schema\/person\/2814e8a0df7643585a9ca38bc6eb9d4b"},"headline":"Atleta da Avates, revelada em Santa Clara do Sul, integra Sele\u00e7\u00e3o Ga\u00facha SUB17 Feminina","datePublished":"2022-03-04T17:40:00+00:00","mainEntityOfPage":{"@id":"https:\/\/folhapopular.info\/index.php\/2022\/03\/04\/atleta-da-avates-revelada-em-santa-clara-do-sul-integra-selecao-gaucha-sub17-feminina\/"},"wordCount":530,"commentCount":0,"image":{"@id":"https:\/\/folhapopular.info\/index.php\/2022\/03\/04\/atleta-da-avates-revelada-em-santa-clara-do-sul-integra-selecao-gaucha-sub17-feminina\/#primaryimage"},"thumbnailUrl":"https:\/\/folhapopular.info\/wp-content\/uploads\/2022\/03\/atletas-e-tecnico-Marco-e1646413951135.jpeg","keywords":["Avates","categorias","Rio Grande do Sul","Santa Clara do Sul","Sele\u00e7\u00e3o Feminina","Sele\u00e7\u00e3o Ga\u00facha","Sub 17"],"articleSection":["Destaques","Geral"],"inLanguage":"pt-BR","potentialAction":[{"@type":"CommentAction","name":"Comment","target":["https:\/\/folhapopular.info\/index.php\/2022\/03\/04\/atleta-da-avates-revelada-em-santa-clara-do-sul-integra-selecao-gaucha-sub17-feminina\/#respond"]}]},{"@type":"WebPage","@id":"https:\/\/folhapopular.info\/index.php\/2022\/03\/04\/atleta-da-avates-revelada-em-santa-clara-do-sul-integra-selecao-gaucha-sub17-feminina\/","url":"https:\/\/folhapopular.info\/index.php\/2022\/03\/04\/atleta-da-avates-revelada-em-santa-clara-do-sul-integra-selecao-gaucha-sub17-feminina\/","name":"Atleta da Avates, revelada em Santa Clara do Sul, integra Sele\u00e7\u00e3o Ga\u00facha SUB17 Feminina - Folha Popular","isPartOf":{"@id":"https:\/\/folhapopular.info\/#website"},"primaryImageOfPage":{"@id":"https:\/\/folhapopular.info\/index.php\/2022\/03\/04\/atleta-da-avates-revelada-em-santa-clara-do-sul-integra-selecao-gaucha-sub17-feminina\/#primaryimage"},"image":{"@id":"https:\/\/folhapopular.info\/index.php\/2022\/03\/04\/atleta-da-avates-revelada-em-santa-clara-do-sul-integra-selecao-gaucha-sub17-feminina\/#primaryimage"},"thumbnailUrl":"https:\/\/folhapopular.info\/wp-content\/uploads\/2022\/03\/atletas-e-tecnico-Marco-e1646413951135.jpeg","datePublished":"2022-03-04T17:40:00+00:00","author":{"@id":"https:\/\/folhapopular.info\/#\/schema\/person\/2814e8a0df7643585a9ca38bc6eb9d4b"},"breadcrumb":{"@id":"https:\/\/folhapopular.info\/index.php\/2022\/03\/04\/atleta-da-avates-revelada-em-santa-clara-do-sul-integra-selecao-gaucha-sub17-feminina\/#breadcrumb"},"inLanguage":"pt-BR","potentialAction":[{"@type":"ReadAction","target":["https:\/\/folhapopular.info\/index.php\/2022\/03\/04\/atleta-da-avates-revelada-em-santa-clara-do-sul-integra-selecao-gaucha-sub17-feminina\/"]}]},{"@type":"ImageObject","inLanguage":"pt-BR","@id":"https:\/\/folhapopular.info\/index.php\/2022\/03\/04\/atleta-da-avates-revelada-em-santa-clara-do-sul-integra-selecao-gaucha-sub17-feminina\/#primaryimage","url":"https:\/\/folhapopular.info\/wp-content\/uploads\/2022\/03\/atletas-e-tecnico-Marco-e1646413951135.jpeg","contentUrl":"https:\/\/folhapopular.info\/wp-content\/uploads\/2022\/03\/atletas-e-tecnico-Marco-e1646413951135.jpeg","width":800,"height":600,"caption":"Atletas da Avates, Rafaela (8), B\u00e1rbara (11), Josiani (12) e Juliana (7), com o t\u00e9cnico da Avates e da Sele\u00e7\u00e3o Ga\u00facha, Marco Antonio Espindola Bastiani \/ Cr\u00e9dito: Divulga\u00e7\u00e3o"},{"@type":"BreadcrumbList","@id":"https:\/\/folhapopular.info\/index.php\/2022\/03\/04\/atleta-da-avates-revelada-em-santa-clara-do-sul-integra-selecao-gaucha-sub17-feminina\/#breadcrumb","itemListElement":[{"@type":"ListItem","position":1,"name":"In\u00edcio","item":"https:\/\/folhapopular.info\/"},{"@type":"ListItem","position":2,"name":"Atleta da Avates, revelada em Santa Clara do Sul, integra Sele\u00e7\u00e3o Ga\u00facha SUB17 Feminina"}]},{"@type":"WebSite","@id":"https:\/\/folhapopular.info\/#website","url":"https:\/\/folhapopular.info\/","name":"Folha Popular","description":"Onde voc\u00ea tem vez e voz","potentialAction":[{"@type":"SearchAction","target":{"@type":"EntryPoint","urlTemplate":"https:\/\/folhapopular.info\/?s={search_term_string}"},"query-input":{"@type":"PropertyValueSpecification","valueRequired":true,"valueName":"search_term_string"}}],"inLanguage":"pt-BR"},{"@type":"Person","@id":"https:\/\/folhapopular.info\/#\/schema\/person\/2814e8a0df7643585a9ca38bc6eb9d4b","name":"Reda\u00e7\u00e3o Folha Popular","image":{"@type":"ImageObject","inLanguage":"pt-BR","@id":"https:\/\/folhapopular.info\/wp-content\/uploads\/2026\/04\/Folha-1.webp","url":"https:\/\/folhapopular.info\/wp-content\/uploads\/2026\/04\/Folha-1.webp","contentUrl":"https:\/\/folhapopular.info\/wp-content\/uploads\/2026\/04\/Folha-1.webp","caption":"Reda\u00e7\u00e3o Folha Popular"},"url":"https:\/\/folhapopular.info\/index.php\/author\/redacao\/"}]}},"jetpack_featured_media_url":"https:\/\/folhapopular.info\/wp-content\/uploads\/2022\/03\/atletas-e-tecnico-Marco-e1646413951135.jpeg","jetpack_sharing_enabled":true,"amp_enabled":true,"_links":{"self":[{"href":"https:\/\/folhapopular.info\/index.php\/wp-json\/wp\/v2\/posts\/99569","targetHints":{"allow":["GET"]}}],"collection":[{"href":"https:\/\/folhapopular.info\/index.php\/wp-json\/wp\/v2\/posts"}],"about":[{"href":"https:\/\/folhapopular.info\/index.php\/wp-json\/wp\/v2\/types\/post"}],"author":[{"embeddable":true,"href":"https:\/\/folhapopular.info\/index.php\/wp-json\/wp\/v2\/users\/8"}],"replies":[{"embeddable":true,"href":"https:\/\/folhapopular.info\/index.php\/wp-json\/wp\/v2\/comments?post=99569"}],"version-history":[{"count":0,"href":"https:\/\/folhapopular.info\/index.php\/wp-json\/wp\/v2\/posts\/99569\/revisions"}],"wp:featuredmedia":[{"embeddable":true,"href":"https:\/\/folhapopular.info\/index.php\/wp-json\/wp\/v2\/media\/99573"}],"wp:attachment":[{"href":"https:\/\/folhapopular.info\/index.php\/wp-json\/wp\/v2\/media?parent=99569"}],"wp:term":[{"taxonomy":"category","embeddable":true,"href":"https:\/\/folhapopular.info\/index.php\/wp-json\/wp\/v2\/categories?post=99569"},{"taxonomy":"post_tag","embeddable":true,"href":"https:\/\/folhapopular.info\/index.php\/wp-json\/wp\/v2\/tags?post=99569"}],"curies":[{"name":"wp","href":"https:\/\/api.w.org\/{rel}","templated":true}]}}