{"id":99575,"date":"2022-03-04T15:20:00","date_gmt":"2022-03-04T18:20:00","guid":{"rendered":"https:\/\/folhapopular.info\/?p=99575"},"modified":"2022-03-04T14:21:32","modified_gmt":"2022-03-04T17:21:32","slug":"bovinocultura-leiteira-sera-tema-de-curso-de-capacitacao-em-estrela","status":"publish","type":"post","link":"https:\/\/folhapopular.info\/index.php\/2022\/03\/04\/bovinocultura-leiteira-sera-tema-de-curso-de-capacitacao-em-estrela\/","title":{"rendered":"Bovinocultura leiteira ser\u00e1 tema de curso de capacita\u00e7\u00e3o em Estrela"},"content":{"rendered":"\n<p>Estrela \u00e9 um dos maiores produtores de leite do Estado, uma refer\u00eancia nacional, e o setor \u00e9 uma das maiores fontes de renda para a economia do munic\u00edpio. Ciente da necessidade de buscar a constante qualifica\u00e7\u00e3o da cadeia produtiva, o Governo de Estrela ir\u00e1 promover mais um curso para profissionais da \u00e1rea. O \u201cBovinocultura leiteira: como manter o produtor rural na propriedade com renda\u201d ser\u00e1 realizado em parceria com a Faculdade La Salle de Estrela, ser\u00e1 gratuito e oferecer\u00e1 15 vagas para produtores do munic\u00edpio, atrav\u00e9s da Secretaria Municipal de Agricultura e o Departamento do Trabalho. Ocorrer\u00e1 em sete datas fixas de 13 de mar\u00e7o a 26 de abril, no turno da noite, com carga hor\u00e1ria de 21 horas no total. Ainda h\u00e1 vagas.<\/p>\n\n\n\n<p>Segundo a organiza\u00e7\u00e3o, o projeto \u00e9 mais um que busca capacitar e qualificar os produtores rurais residentes no munic\u00edpio de Estrela, fazendo com que os mesmos entendam a necessidade de estarem aprimorando os seus neg\u00f3cios a cada dia. E neste caso, a a\u00e7\u00e3o&nbsp;pretende&nbsp;demonstrar a import\u00e2ncia da perman\u00eancia do produtor&nbsp;rural&nbsp;na respectiva \u00e1rea, e o que isso&nbsp;pode representar&nbsp;na maior gera\u00e7\u00e3o de renda a partir de uma qualifica\u00e7\u00e3o.<\/p>\n\n\n\n<p>O curso ocorrer\u00e1 nas depend\u00eancias da Faculdade La Salle Estrela, das 19h \u00e0s 22h, nas datas pr\u00e9-programadas: 15\/3, 22\/3, 29\/3, 5\/4, 12\/4, 19\/4 e 26\/4. Entre os requisitos para a participa\u00e7\u00e3o, ser residente de Estrela, idade m\u00ednima de 14 anos e comprova\u00e7\u00e3o da produ\u00e7\u00e3o leiteira na propriedade. De acordo com o coordenador do setor do Trabalho da Secretaria de Desenvolvimento, Inova\u00e7\u00e3o e Sustentabilidade (Sedis), Guilherme Schneider, entre os conte\u00fados abordados estar\u00e3o o \u2018empreendedorismo rural-gest\u00e3o da propriedade rural\u2019; \u2018fisiologia do ruminante\u2019; \u2018fertilidade do solo\u2019; \u2018forrageiras anuais e perenes\u2019; \u2018silagem\u2019; \u2018feno\u2019 e \u2018pr\u00e9-secado\u2019. Ainda segundo Schneider, a \u201cagricultura familiar\u201d tem tudo para ser potencializada. \u201cO curso vai incentivar, tanto produtores rurais da produ\u00e7\u00e3o leiteira como os filhos e demais entes destes, para que permane\u00e7am no campo. E isso se dar\u00e1 a partir do momento que ser\u00e1 demonstrado o quanto que, com um pouco de capacita\u00e7\u00e3o, aprimoramento, muitas vezes em coisas que est\u00e3o ao alcance mas n\u00e3o s\u00e3o percebidas, a gera\u00e7\u00e3o de renda pode se tornar mais constante, segura e maior\u201d, atesta.<\/p>\n\n\n\n<p>A participa\u00e7\u00e3o de fam\u00edlias do setor leiteiro ser\u00e1 forte. Uma reuni\u00e3o pr\u00e9via ocorreu na C\u00e2mara de Vereadores com os primeiros inscritos. Jatir Norberto Sulzbach (51) e a esposa Solange de F\u00e1tima Sulzbach (44) t\u00eam na produ\u00e7\u00e3o di\u00e1ria de at\u00e9 1.5 mil litros por dia na Linha S\u00e3o Lu\u00eds a principal fonte de renda da fam\u00edlia. \u201cTemos dois de nossos tr\u00eas filhos mais velhos j\u00e1 juntos envolvidos na produ\u00e7\u00e3o. E eles querem permanecer. Mas sabemos que precisamos evoluir, at\u00e9 para fazer nosso ca\u00e7ula de nove anos tamb\u00e9m siga com a gente no ramo futuramente\u201d, destaca Sulzbach. O objetivo do casal n\u00e3o \u00e9 muito diferente do de outro participante. Maicon da Silva de Lima (30) e a esposa Francine de Lima (26) querem capacitar a produ\u00e7\u00e3o de leite di\u00e1ria na Linha Lenz, hoje de 4.6 mi litros\/dia. \u201cSabemos que podemos evoluir efetivamente e qualitativamente. Ganhar\u00e3o todos. N\u00f3s, o consumidor, o munic\u00edpio que investe nisso. Por isso todo novo conhecimento \u00e9 bem vindo\u201d, ressalta Maicon.<\/p>\n\n\n\n<figure class=\"wp-block-image size-large is-resized\"><img decoding=\"async\" src=\"https:\/\/folhapopular.info\/wp-content\/uploads\/2022\/03\/04.03_Curso-leiteiro-Trabalho-e-Agricultura-CASE-SULZBACH-Angeli-5-edited-scaled.jpg\" alt=\"\" class=\"wp-image-99578\" width=\"520\" srcset=\"https:\/\/folhapopular.info\/wp-content\/uploads\/2022\/03\/04.03_Curso-leiteiro-Trabalho-e-Agricultura-CASE-SULZBACH-Angeli-5-edited-scaled.jpg 2560w, https:\/\/folhapopular.info\/wp-content\/uploads\/2022\/03\/04.03_Curso-leiteiro-Trabalho-e-Agricultura-CASE-SULZBACH-Angeli-5-edited-300x169.jpg 300w, https:\/\/folhapopular.info\/wp-content\/uploads\/2022\/03\/04.03_Curso-leiteiro-Trabalho-e-Agricultura-CASE-SULZBACH-Angeli-5-edited-1024x575.jpg 1024w, https:\/\/folhapopular.info\/wp-content\/uploads\/2022\/03\/04.03_Curso-leiteiro-Trabalho-e-Agricultura-CASE-SULZBACH-Angeli-5-edited-768x432.jpg 768w, https:\/\/folhapopular.info\/wp-content\/uploads\/2022\/03\/04.03_Curso-leiteiro-Trabalho-e-Agricultura-CASE-SULZBACH-Angeli-5-edited-1536x863.jpg 1536w, https:\/\/folhapopular.info\/wp-content\/uploads\/2022\/03\/04.03_Curso-leiteiro-Trabalho-e-Agricultura-CASE-SULZBACH-Angeli-5-edited-2048x1151.jpg 2048w, https:\/\/folhapopular.info\/wp-content\/uploads\/2022\/03\/04.03_Curso-leiteiro-Trabalho-e-Agricultura-CASE-SULZBACH-Angeli-5-edited-696x391.jpg 696w, https:\/\/folhapopular.info\/wp-content\/uploads\/2022\/03\/04.03_Curso-leiteiro-Trabalho-e-Agricultura-CASE-SULZBACH-Angeli-5-edited-1068x600.jpg 1068w, https:\/\/folhapopular.info\/wp-content\/uploads\/2022\/03\/04.03_Curso-leiteiro-Trabalho-e-Agricultura-CASE-SULZBACH-Angeli-5-edited-1920x1079.jpg 1920w\" sizes=\"(max-width: 2560px) 100vw, 2560px\" \/><figcaption><em>Casal Sulzbach e Guilherme Schneider, (e) do Trabalho: \u201caposta no setor e no futuro da fam\u00edlia\u201d<\/em> \/ Cr\u00e9dito: Rodrigo Angeli \/ Governo de Estrela<\/figcaption><\/figure>\n\n\n\n<p>O secret\u00e1rio da Agricultura, Douglas Sulzbach, concorda com a vis\u00e3o dos participantes j\u00e1 inscritos. \u201cPercebemos a import\u00e2ncia de qualificar para fazer com que n\u00e3o somente a fam\u00edlia permane\u00e7a no ramo atrav\u00e9s do filho e suas futuras gera\u00e7\u00f5es, mas tamb\u00e9m gere mais emprego, renda para outras pessoas, e siga fazendo de Estrela uma refer\u00eancia no setor e em fraco crescimento\u201d, diz. \u201cMas para tanto \u00e9 preciso atrelarmos qualidade, efici\u00eancia, tecnologia, e nisto o munic\u00edpio \u00e9 e quer seguir parceiro de nossos produtores rurais.\u201d Mais informa\u00e7\u00f5es podem ser obtidas no Departamento de Trabalho da Sedis (3981-1105).&nbsp;<\/p>\n","protected":false},"excerpt":{"rendered":"<p>Estrela \u00e9 um dos maiores produtores de leite do Estado, uma refer\u00eancia nacional, e o setor \u00e9 uma das maiores fontes de renda para a economia do munic\u00edpio. Ciente da necessidade de buscar a constante qualifica\u00e7\u00e3o da cadeia produtiva, o Governo de Estrela ir\u00e1 promover mais um curso para profissionais da \u00e1rea. O \u201cBovinocultura leiteira: [&hellip;]<\/p>\n","protected":false},"author":8,"featured_media":99579,"comment_status":"open","ping_status":"open","sticky":false,"template":"","format":"standard","meta":{"pmpro_default_level":"","_jetpack_memberships_contains_paid_content":false,"footnotes":""},"categories":[2,3],"tags":[7403,942,364,176,8,4535],"class_list":{"0":"post-99575","1":"post","2":"type-post","3":"status-publish","4":"format-standard","5":"has-post-thumbnail","7":"category-featured","8":"category-geral","9":"tag-bovinocultura-de-leite","10":"tag-capacitacao","11":"tag-curso","12":"tag-estado","13":"tag-estrela","14":"tag-governo-de-estrela","15":"pmpro-has-access"},"yoast_head":"<!-- This site is optimized with the Yoast SEO plugin v27.5 - https:\/\/yoast.com\/product\/yoast-seo-wordpress\/ -->\n<title>Bovinocultura leiteira ser\u00e1 tema de curso de capacita\u00e7\u00e3o em Estrela - Folha Popular<\/title>\n<meta name=\"robots\" content=\"index, follow, max-snippet:-1, max-image-preview:large, max-video-preview:-1\" \/>\n<link rel=\"canonical\" href=\"https:\/\/folhapopular.info\/index.php\/2022\/03\/04\/bovinocultura-leiteira-sera-tema-de-curso-de-capacitacao-em-estrela\/\" \/>\n<meta property=\"og:locale\" content=\"pt_BR\" \/>\n<meta property=\"og:type\" content=\"article\" \/>\n<meta property=\"og:title\" content=\"Bovinocultura leiteira ser\u00e1 tema de curso de capacita\u00e7\u00e3o em Estrela - Folha Popular\" \/>\n<meta property=\"og:description\" content=\"Estrela \u00e9 um dos maiores produtores de leite do Estado, uma refer\u00eancia nacional, e o setor \u00e9 uma das maiores fontes de renda para a economia do munic\u00edpio. Ciente da necessidade de buscar a constante qualifica\u00e7\u00e3o da cadeia produtiva, o Governo de Estrela ir\u00e1 promover mais um curso para profissionais da \u00e1rea. O \u201cBovinocultura leiteira: [&hellip;]\" \/>\n<meta property=\"og:url\" content=\"https:\/\/folhapopular.info\/index.php\/2022\/03\/04\/bovinocultura-leiteira-sera-tema-de-curso-de-capacitacao-em-estrela\/\" \/>\n<meta property=\"og:site_name\" content=\"Folha Popular\" \/>\n<meta property=\"article:published_time\" content=\"2022-03-04T18:20:00+00:00\" \/>\n<meta property=\"og:image\" content=\"https:\/\/folhapopular.info\/wp-content\/uploads\/2022\/03\/04.03_Curso-leiteiro-Trabalho-e-Agricultura-CASE-LIMA-E-SECRETARIO-Angeli-17-scaled-e1646414437504.jpg\" \/>\n\t<meta property=\"og:image:width\" content=\"800\" \/>\n\t<meta property=\"og:image:height\" content=\"450\" \/>\n\t<meta property=\"og:image:type\" content=\"image\/jpeg\" \/>\n<meta name=\"author\" content=\"Reda\u00e7\u00e3o Folha Popular\" \/>\n<meta name=\"twitter:card\" content=\"summary_large_image\" \/>\n<meta name=\"twitter:label1\" content=\"Escrito por\" \/>\n\t<meta name=\"twitter:data1\" content=\"Reda\u00e7\u00e3o Folha Popular\" \/>\n\t<meta name=\"twitter:label2\" content=\"Est. tempo de leitura\" \/>\n\t<meta name=\"twitter:data2\" content=\"4 minutos\" \/>\n<script type=\"application\/ld+json\" class=\"yoast-schema-graph\">{\"@context\":\"https:\\\/\\\/schema.org\",\"@graph\":[{\"@type\":\"Article\",\"@id\":\"https:\\\/\\\/folhapopular.info\\\/index.php\\\/2022\\\/03\\\/04\\\/bovinocultura-leiteira-sera-tema-de-curso-de-capacitacao-em-estrela\\\/#article\",\"isPartOf\":{\"@id\":\"https:\\\/\\\/folhapopular.info\\\/index.php\\\/2022\\\/03\\\/04\\\/bovinocultura-leiteira-sera-tema-de-curso-de-capacitacao-em-estrela\\\/\"},\"author\":{\"name\":\"Reda\u00e7\u00e3o Folha Popular\",\"@id\":\"https:\\\/\\\/folhapopular.info\\\/#\\\/schema\\\/person\\\/2814e8a0df7643585a9ca38bc6eb9d4b\"},\"headline\":\"Bovinocultura leiteira ser\u00e1 tema de curso de capacita\u00e7\u00e3o em Estrela\",\"datePublished\":\"2022-03-04T18:20:00+00:00\",\"mainEntityOfPage\":{\"@id\":\"https:\\\/\\\/folhapopular.info\\\/index.php\\\/2022\\\/03\\\/04\\\/bovinocultura-leiteira-sera-tema-de-curso-de-capacitacao-em-estrela\\\/\"},\"wordCount\":706,\"commentCount\":0,\"image\":{\"@id\":\"https:\\\/\\\/folhapopular.info\\\/index.php\\\/2022\\\/03\\\/04\\\/bovinocultura-leiteira-sera-tema-de-curso-de-capacitacao-em-estrela\\\/#primaryimage\"},\"thumbnailUrl\":\"https:\\\/\\\/folhapopular.info\\\/wp-content\\\/uploads\\\/2022\\\/03\\\/04.03_Curso-leiteiro-Trabalho-e-Agricultura-CASE-LIMA-E-SECRETARIO-Angeli-17-scaled-e1646414437504.jpg\",\"keywords\":[\"Bovinocultura de leite\",\"Capacita\u00e7\u00e3o\",\"Curso\",\"Estado\",\"Estrela\",\"Governo de Estrela\"],\"articleSection\":[\"Destaques\",\"Geral\"],\"inLanguage\":\"pt-BR\",\"potentialAction\":[{\"@type\":\"CommentAction\",\"name\":\"Comment\",\"target\":[\"https:\\\/\\\/folhapopular.info\\\/index.php\\\/2022\\\/03\\\/04\\\/bovinocultura-leiteira-sera-tema-de-curso-de-capacitacao-em-estrela\\\/#respond\"]}]},{\"@type\":\"WebPage\",\"@id\":\"https:\\\/\\\/folhapopular.info\\\/index.php\\\/2022\\\/03\\\/04\\\/bovinocultura-leiteira-sera-tema-de-curso-de-capacitacao-em-estrela\\\/\",\"url\":\"https:\\\/\\\/folhapopular.info\\\/index.php\\\/2022\\\/03\\\/04\\\/bovinocultura-leiteira-sera-tema-de-curso-de-capacitacao-em-estrela\\\/\",\"name\":\"Bovinocultura leiteira ser\u00e1 tema de curso de capacita\u00e7\u00e3o em Estrela - Folha Popular\",\"isPartOf\":{\"@id\":\"https:\\\/\\\/folhapopular.info\\\/#website\"},\"primaryImageOfPage\":{\"@id\":\"https:\\\/\\\/folhapopular.info\\\/index.php\\\/2022\\\/03\\\/04\\\/bovinocultura-leiteira-sera-tema-de-curso-de-capacitacao-em-estrela\\\/#primaryimage\"},\"image\":{\"@id\":\"https:\\\/\\\/folhapopular.info\\\/index.php\\\/2022\\\/03\\\/04\\\/bovinocultura-leiteira-sera-tema-de-curso-de-capacitacao-em-estrela\\\/#primaryimage\"},\"thumbnailUrl\":\"https:\\\/\\\/folhapopular.info\\\/wp-content\\\/uploads\\\/2022\\\/03\\\/04.03_Curso-leiteiro-Trabalho-e-Agricultura-CASE-LIMA-E-SECRETARIO-Angeli-17-scaled-e1646414437504.jpg\",\"datePublished\":\"2022-03-04T18:20:00+00:00\",\"author\":{\"@id\":\"https:\\\/\\\/folhapopular.info\\\/#\\\/schema\\\/person\\\/2814e8a0df7643585a9ca38bc6eb9d4b\"},\"breadcrumb\":{\"@id\":\"https:\\\/\\\/folhapopular.info\\\/index.php\\\/2022\\\/03\\\/04\\\/bovinocultura-leiteira-sera-tema-de-curso-de-capacitacao-em-estrela\\\/#breadcrumb\"},\"inLanguage\":\"pt-BR\",\"potentialAction\":[{\"@type\":\"ReadAction\",\"target\":[\"https:\\\/\\\/folhapopular.info\\\/index.php\\\/2022\\\/03\\\/04\\\/bovinocultura-leiteira-sera-tema-de-curso-de-capacitacao-em-estrela\\\/\"]}]},{\"@type\":\"ImageObject\",\"inLanguage\":\"pt-BR\",\"@id\":\"https:\\\/\\\/folhapopular.info\\\/index.php\\\/2022\\\/03\\\/04\\\/bovinocultura-leiteira-sera-tema-de-curso-de-capacitacao-em-estrela\\\/#primaryimage\",\"url\":\"https:\\\/\\\/folhapopular.info\\\/wp-content\\\/uploads\\\/2022\\\/03\\\/04.03_Curso-leiteiro-Trabalho-e-Agricultura-CASE-LIMA-E-SECRETARIO-Angeli-17-scaled-e1646414437504.jpg\",\"contentUrl\":\"https:\\\/\\\/folhapopular.info\\\/wp-content\\\/uploads\\\/2022\\\/03\\\/04.03_Curso-leiteiro-Trabalho-e-Agricultura-CASE-LIMA-E-SECRETARIO-Angeli-17-scaled-e1646414437504.jpg\",\"width\":800,\"height\":450,\"caption\":\"Secret\u00e1rio Douglas (d), da Agricultura, e o casal Lima, da Linha Lenz: \u201cqualifica\u00e7\u00e3o constante necess\u00e1ria\u201d \\\/ Cr\u00e9dito: Rodrigo Angeli \\\/ Governo de Estrela\"},{\"@type\":\"BreadcrumbList\",\"@id\":\"https:\\\/\\\/folhapopular.info\\\/index.php\\\/2022\\\/03\\\/04\\\/bovinocultura-leiteira-sera-tema-de-curso-de-capacitacao-em-estrela\\\/#breadcrumb\",\"itemListElement\":[{\"@type\":\"ListItem\",\"position\":1,\"name\":\"In\u00edcio\",\"item\":\"https:\\\/\\\/folhapopular.info\\\/\"},{\"@type\":\"ListItem\",\"position\":2,\"name\":\"Bovinocultura leiteira ser\u00e1 tema de curso de capacita\u00e7\u00e3o em Estrela\"}]},{\"@type\":\"WebSite\",\"@id\":\"https:\\\/\\\/folhapopular.info\\\/#website\",\"url\":\"https:\\\/\\\/folhapopular.info\\\/\",\"name\":\"Folha Popular\",\"description\":\"Onde voc\u00ea tem vez e voz\",\"potentialAction\":[{\"@type\":\"SearchAction\",\"target\":{\"@type\":\"EntryPoint\",\"urlTemplate\":\"https:\\\/\\\/folhapopular.info\\\/?s={search_term_string}\"},\"query-input\":{\"@type\":\"PropertyValueSpecification\",\"valueRequired\":true,\"valueName\":\"search_term_string\"}}],\"inLanguage\":\"pt-BR\"},{\"@type\":\"Person\",\"@id\":\"https:\\\/\\\/folhapopular.info\\\/#\\\/schema\\\/person\\\/2814e8a0df7643585a9ca38bc6eb9d4b\",\"name\":\"Reda\u00e7\u00e3o Folha Popular\",\"image\":{\"@type\":\"ImageObject\",\"inLanguage\":\"pt-BR\",\"@id\":\"https:\\\/\\\/folhapopular.info\\\/wp-content\\\/uploads\\\/2026\\\/04\\\/Folha-1.webp\",\"url\":\"https:\\\/\\\/folhapopular.info\\\/wp-content\\\/uploads\\\/2026\\\/04\\\/Folha-1.webp\",\"contentUrl\":\"https:\\\/\\\/folhapopular.info\\\/wp-content\\\/uploads\\\/2026\\\/04\\\/Folha-1.webp\",\"caption\":\"Reda\u00e7\u00e3o Folha Popular\"},\"url\":\"https:\\\/\\\/folhapopular.info\\\/index.php\\\/author\\\/redacao\\\/\"}]}<\/script>\n<!-- \/ Yoast SEO plugin. -->","yoast_head_json":{"title":"Bovinocultura leiteira ser\u00e1 tema de curso de capacita\u00e7\u00e3o em Estrela - Folha Popular","robots":{"index":"index","follow":"follow","max-snippet":"max-snippet:-1","max-image-preview":"max-image-preview:large","max-video-preview":"max-video-preview:-1"},"canonical":"https:\/\/folhapopular.info\/index.php\/2022\/03\/04\/bovinocultura-leiteira-sera-tema-de-curso-de-capacitacao-em-estrela\/","og_locale":"pt_BR","og_type":"article","og_title":"Bovinocultura leiteira ser\u00e1 tema de curso de capacita\u00e7\u00e3o em Estrela - Folha Popular","og_description":"Estrela \u00e9 um dos maiores produtores de leite do Estado, uma refer\u00eancia nacional, e o setor \u00e9 uma das maiores fontes de renda para a economia do munic\u00edpio. Ciente da necessidade de buscar a constante qualifica\u00e7\u00e3o da cadeia produtiva, o Governo de Estrela ir\u00e1 promover mais um curso para profissionais da \u00e1rea. O \u201cBovinocultura leiteira: [&hellip;]","og_url":"https:\/\/folhapopular.info\/index.php\/2022\/03\/04\/bovinocultura-leiteira-sera-tema-de-curso-de-capacitacao-em-estrela\/","og_site_name":"Folha Popular","article_published_time":"2022-03-04T18:20:00+00:00","og_image":[{"width":800,"height":450,"url":"https:\/\/folhapopular.info\/wp-content\/uploads\/2022\/03\/04.03_Curso-leiteiro-Trabalho-e-Agricultura-CASE-LIMA-E-SECRETARIO-Angeli-17-scaled-e1646414437504.jpg","type":"image\/jpeg"}],"author":"Reda\u00e7\u00e3o Folha Popular","twitter_card":"summary_large_image","twitter_misc":{"Escrito por":"Reda\u00e7\u00e3o Folha Popular","Est. tempo de leitura":"4 minutos"},"schema":{"@context":"https:\/\/schema.org","@graph":[{"@type":"Article","@id":"https:\/\/folhapopular.info\/index.php\/2022\/03\/04\/bovinocultura-leiteira-sera-tema-de-curso-de-capacitacao-em-estrela\/#article","isPartOf":{"@id":"https:\/\/folhapopular.info\/index.php\/2022\/03\/04\/bovinocultura-leiteira-sera-tema-de-curso-de-capacitacao-em-estrela\/"},"author":{"name":"Reda\u00e7\u00e3o Folha Popular","@id":"https:\/\/folhapopular.info\/#\/schema\/person\/2814e8a0df7643585a9ca38bc6eb9d4b"},"headline":"Bovinocultura leiteira ser\u00e1 tema de curso de capacita\u00e7\u00e3o em Estrela","datePublished":"2022-03-04T18:20:00+00:00","mainEntityOfPage":{"@id":"https:\/\/folhapopular.info\/index.php\/2022\/03\/04\/bovinocultura-leiteira-sera-tema-de-curso-de-capacitacao-em-estrela\/"},"wordCount":706,"commentCount":0,"image":{"@id":"https:\/\/folhapopular.info\/index.php\/2022\/03\/04\/bovinocultura-leiteira-sera-tema-de-curso-de-capacitacao-em-estrela\/#primaryimage"},"thumbnailUrl":"https:\/\/folhapopular.info\/wp-content\/uploads\/2022\/03\/04.03_Curso-leiteiro-Trabalho-e-Agricultura-CASE-LIMA-E-SECRETARIO-Angeli-17-scaled-e1646414437504.jpg","keywords":["Bovinocultura de leite","Capacita\u00e7\u00e3o","Curso","Estado","Estrela","Governo de Estrela"],"articleSection":["Destaques","Geral"],"inLanguage":"pt-BR","potentialAction":[{"@type":"CommentAction","name":"Comment","target":["https:\/\/folhapopular.info\/index.php\/2022\/03\/04\/bovinocultura-leiteira-sera-tema-de-curso-de-capacitacao-em-estrela\/#respond"]}]},{"@type":"WebPage","@id":"https:\/\/folhapopular.info\/index.php\/2022\/03\/04\/bovinocultura-leiteira-sera-tema-de-curso-de-capacitacao-em-estrela\/","url":"https:\/\/folhapopular.info\/index.php\/2022\/03\/04\/bovinocultura-leiteira-sera-tema-de-curso-de-capacitacao-em-estrela\/","name":"Bovinocultura leiteira ser\u00e1 tema de curso de capacita\u00e7\u00e3o em Estrela - Folha Popular","isPartOf":{"@id":"https:\/\/folhapopular.info\/#website"},"primaryImageOfPage":{"@id":"https:\/\/folhapopular.info\/index.php\/2022\/03\/04\/bovinocultura-leiteira-sera-tema-de-curso-de-capacitacao-em-estrela\/#primaryimage"},"image":{"@id":"https:\/\/folhapopular.info\/index.php\/2022\/03\/04\/bovinocultura-leiteira-sera-tema-de-curso-de-capacitacao-em-estrela\/#primaryimage"},"thumbnailUrl":"https:\/\/folhapopular.info\/wp-content\/uploads\/2022\/03\/04.03_Curso-leiteiro-Trabalho-e-Agricultura-CASE-LIMA-E-SECRETARIO-Angeli-17-scaled-e1646414437504.jpg","datePublished":"2022-03-04T18:20:00+00:00","author":{"@id":"https:\/\/folhapopular.info\/#\/schema\/person\/2814e8a0df7643585a9ca38bc6eb9d4b"},"breadcrumb":{"@id":"https:\/\/folhapopular.info\/index.php\/2022\/03\/04\/bovinocultura-leiteira-sera-tema-de-curso-de-capacitacao-em-estrela\/#breadcrumb"},"inLanguage":"pt-BR","potentialAction":[{"@type":"ReadAction","target":["https:\/\/folhapopular.info\/index.php\/2022\/03\/04\/bovinocultura-leiteira-sera-tema-de-curso-de-capacitacao-em-estrela\/"]}]},{"@type":"ImageObject","inLanguage":"pt-BR","@id":"https:\/\/folhapopular.info\/index.php\/2022\/03\/04\/bovinocultura-leiteira-sera-tema-de-curso-de-capacitacao-em-estrela\/#primaryimage","url":"https:\/\/folhapopular.info\/wp-content\/uploads\/2022\/03\/04.03_Curso-leiteiro-Trabalho-e-Agricultura-CASE-LIMA-E-SECRETARIO-Angeli-17-scaled-e1646414437504.jpg","contentUrl":"https:\/\/folhapopular.info\/wp-content\/uploads\/2022\/03\/04.03_Curso-leiteiro-Trabalho-e-Agricultura-CASE-LIMA-E-SECRETARIO-Angeli-17-scaled-e1646414437504.jpg","width":800,"height":450,"caption":"Secret\u00e1rio Douglas (d), da Agricultura, e o casal Lima, da Linha Lenz: \u201cqualifica\u00e7\u00e3o constante necess\u00e1ria\u201d \/ Cr\u00e9dito: Rodrigo Angeli \/ Governo de Estrela"},{"@type":"BreadcrumbList","@id":"https:\/\/folhapopular.info\/index.php\/2022\/03\/04\/bovinocultura-leiteira-sera-tema-de-curso-de-capacitacao-em-estrela\/#breadcrumb","itemListElement":[{"@type":"ListItem","position":1,"name":"In\u00edcio","item":"https:\/\/folhapopular.info\/"},{"@type":"ListItem","position":2,"name":"Bovinocultura leiteira ser\u00e1 tema de curso de capacita\u00e7\u00e3o em Estrela"}]},{"@type":"WebSite","@id":"https:\/\/folhapopular.info\/#website","url":"https:\/\/folhapopular.info\/","name":"Folha Popular","description":"Onde voc\u00ea tem vez e voz","potentialAction":[{"@type":"SearchAction","target":{"@type":"EntryPoint","urlTemplate":"https:\/\/folhapopular.info\/?s={search_term_string}"},"query-input":{"@type":"PropertyValueSpecification","valueRequired":true,"valueName":"search_term_string"}}],"inLanguage":"pt-BR"},{"@type":"Person","@id":"https:\/\/folhapopular.info\/#\/schema\/person\/2814e8a0df7643585a9ca38bc6eb9d4b","name":"Reda\u00e7\u00e3o Folha Popular","image":{"@type":"ImageObject","inLanguage":"pt-BR","@id":"https:\/\/folhapopular.info\/wp-content\/uploads\/2026\/04\/Folha-1.webp","url":"https:\/\/folhapopular.info\/wp-content\/uploads\/2026\/04\/Folha-1.webp","contentUrl":"https:\/\/folhapopular.info\/wp-content\/uploads\/2026\/04\/Folha-1.webp","caption":"Reda\u00e7\u00e3o Folha Popular"},"url":"https:\/\/folhapopular.info\/index.php\/author\/redacao\/"}]}},"jetpack_featured_media_url":"https:\/\/folhapopular.info\/wp-content\/uploads\/2022\/03\/04.03_Curso-leiteiro-Trabalho-e-Agricultura-CASE-LIMA-E-SECRETARIO-Angeli-17-scaled-e1646414437504.jpg","jetpack_sharing_enabled":true,"amp_enabled":true,"_links":{"self":[{"href":"https:\/\/folhapopular.info\/index.php\/wp-json\/wp\/v2\/posts\/99575","targetHints":{"allow":["GET"]}}],"collection":[{"href":"https:\/\/folhapopular.info\/index.php\/wp-json\/wp\/v2\/posts"}],"about":[{"href":"https:\/\/folhapopular.info\/index.php\/wp-json\/wp\/v2\/types\/post"}],"author":[{"embeddable":true,"href":"https:\/\/folhapopular.info\/index.php\/wp-json\/wp\/v2\/users\/8"}],"replies":[{"embeddable":true,"href":"https:\/\/folhapopular.info\/index.php\/wp-json\/wp\/v2\/comments?post=99575"}],"version-history":[{"count":0,"href":"https:\/\/folhapopular.info\/index.php\/wp-json\/wp\/v2\/posts\/99575\/revisions"}],"wp:featuredmedia":[{"embeddable":true,"href":"https:\/\/folhapopular.info\/index.php\/wp-json\/wp\/v2\/media\/99579"}],"wp:attachment":[{"href":"https:\/\/folhapopular.info\/index.php\/wp-json\/wp\/v2\/media?parent=99575"}],"wp:term":[{"taxonomy":"category","embeddable":true,"href":"https:\/\/folhapopular.info\/index.php\/wp-json\/wp\/v2\/categories?post=99575"},{"taxonomy":"post_tag","embeddable":true,"href":"https:\/\/folhapopular.info\/index.php\/wp-json\/wp\/v2\/tags?post=99575"}],"curies":[{"name":"wp","href":"https:\/\/api.w.org\/{rel}","templated":true}]}}