{"id":99605,"date":"2022-03-04T16:35:00","date_gmt":"2022-03-04T19:35:00","guid":{"rendered":"https:\/\/folhapopular.info\/?p=99605"},"modified":"2022-03-04T16:19:03","modified_gmt":"2022-03-04T19:19:03","slug":"programa-avancar-contempla-estrada-que-liga-poco-das-antas-a-teutonia","status":"publish","type":"post","link":"https:\/\/folhapopular.info\/index.php\/2022\/03\/04\/programa-avancar-contempla-estrada-que-liga-poco-das-antas-a-teutonia\/","title":{"rendered":"Programa Avan\u00e7ar contempla estrada que liga Po\u00e7o das Antas a Teut\u00f4nia"},"content":{"rendered":"\n<p>O Governo do Rio Grande do Sul anunciou na sexta-feira (25\/2), as rodovias estaduais que integram a segunda etapa do Programa Avan\u00e7ar na Log\u00edstica e Transporte. A ERS-419, estrada que liga Po\u00e7o das Antas a Teut\u00f4nia, ser\u00e1 contemplada pelo programa e receber\u00e1 um recurso de R$ 3 milh\u00f5es a ser investido em melhorias no trajeto. Estiveram na capital ga\u00facha para o evento de an\u00fancio das rodovias contempladas o vice-prefeito de Po\u00e7o das Antas, Laurentino Flach (MDB), o secret\u00e1rio da Fazenda, Alfredo Edmundo Klein (MDB) e o vereador e presidente do Legislativo po\u00e7oantense, Maicon Luis Stuermer (MDB). O evento contou com a presen\u00e7a do secret\u00e1rio de Log\u00edstica e Transportes do Estado, Juvir Costella, e do governador do Rio Grande do Sul, Eduardo Leite (PSDB).<\/p>\n\n\n\n<p><strong>Esfor\u00e7o<\/strong><br>A Administra\u00e7\u00e3o Municipal de Po\u00e7o das Antas reconhece o empenho de todos que se dedicaram a essa importante conquista para a regi\u00e3o: os representantes do MDB do Munic\u00edpio, que encaminharam o projeto de melhorias ao secret\u00e1rio Costella, bem como aos prefeitos e representantes dos munic\u00edpios do G7 que, em reuni\u00e3o sediada em Po\u00e7o das Antas em setembro de 2021, apresentaram essa demanda ao secret\u00e1rio. Na reuni\u00e3o tamb\u00e9m se fizeram presentes representantes das empresas que utilizam a rodovia para fortalecer o pedido de melhorias.<\/p>\n","protected":false},"excerpt":{"rendered":"<p>O Governo do Rio Grande do Sul anunciou na sexta-feira (25\/2), as rodovias estaduais que integram a segunda etapa do Programa Avan\u00e7ar na Log\u00edstica e Transporte. A ERS-419, estrada que liga Po\u00e7o das Antas a Teut\u00f4nia, ser\u00e1 contemplada pelo programa e receber\u00e1 um recurso de R$ 3 milh\u00f5es a ser investido em melhorias no trajeto. [&hellip;]<\/p>\n","protected":false},"author":8,"featured_media":99606,"comment_status":"open","ping_status":"open","sticky":false,"template":"","format":"standard","meta":{"pmpro_default_level":"","_jetpack_memberships_contains_paid_content":false,"footnotes":""},"categories":[2,3],"tags":[3309,40,7993,1794,26],"class_list":{"0":"post-99605","1":"post","2":"type-post","3":"status-publish","4":"format-standard","5":"has-post-thumbnail","7":"category-featured","8":"category-geral","9":"tag-administracao","10":"tag-poco-das-antas","11":"tag-programa-avancar","12":"tag-rio-grande-do-sul","13":"tag-teutonia","14":"pmpro-has-access"},"yoast_head":"<!-- This site is optimized with the Yoast SEO plugin v27.5 - https:\/\/yoast.com\/product\/yoast-seo-wordpress\/ -->\n<title>Programa Avan\u00e7ar contempla estrada que liga Po\u00e7o das Antas a Teut\u00f4nia - Folha Popular<\/title>\n<meta name=\"robots\" content=\"index, follow, max-snippet:-1, max-image-preview:large, max-video-preview:-1\" \/>\n<link rel=\"canonical\" href=\"https:\/\/folhapopular.info\/index.php\/2022\/03\/04\/programa-avancar-contempla-estrada-que-liga-poco-das-antas-a-teutonia\/\" \/>\n<meta property=\"og:locale\" content=\"pt_BR\" \/>\n<meta property=\"og:type\" content=\"article\" \/>\n<meta property=\"og:title\" content=\"Programa Avan\u00e7ar contempla estrada que liga Po\u00e7o das Antas a Teut\u00f4nia - Folha Popular\" \/>\n<meta property=\"og:description\" content=\"O Governo do Rio Grande do Sul anunciou na sexta-feira (25\/2), as rodovias estaduais que integram a segunda etapa do Programa Avan\u00e7ar na Log\u00edstica e Transporte. A ERS-419, estrada que liga Po\u00e7o das Antas a Teut\u00f4nia, ser\u00e1 contemplada pelo programa e receber\u00e1 um recurso de R$ 3 milh\u00f5es a ser investido em melhorias no trajeto. [&hellip;]\" \/>\n<meta property=\"og:url\" content=\"https:\/\/folhapopular.info\/index.php\/2022\/03\/04\/programa-avancar-contempla-estrada-que-liga-poco-das-antas-a-teutonia\/\" \/>\n<meta property=\"og:site_name\" content=\"Folha Popular\" \/>\n<meta property=\"article:published_time\" content=\"2022-03-04T19:35:00+00:00\" \/>\n<meta property=\"og:image\" content=\"https:\/\/folhapopular.info\/wp-content\/uploads\/2022\/03\/2-Programa-Avancar-contempla-ERS-419-e1646421502670.jpeg\" \/>\n\t<meta property=\"og:image:width\" content=\"800\" \/>\n\t<meta property=\"og:image:height\" content=\"600\" \/>\n\t<meta property=\"og:image:type\" content=\"image\/jpeg\" \/>\n<meta name=\"author\" content=\"Reda\u00e7\u00e3o Folha Popular\" \/>\n<meta name=\"twitter:card\" content=\"summary_large_image\" \/>\n<meta name=\"twitter:label1\" content=\"Escrito por\" \/>\n\t<meta name=\"twitter:data1\" content=\"Reda\u00e7\u00e3o Folha Popular\" \/>\n\t<meta name=\"twitter:label2\" content=\"Est. tempo de leitura\" \/>\n\t<meta name=\"twitter:data2\" content=\"2 minutos\" \/>\n<script type=\"application\/ld+json\" class=\"yoast-schema-graph\">{\"@context\":\"https:\\\/\\\/schema.org\",\"@graph\":[{\"@type\":\"Article\",\"@id\":\"https:\\\/\\\/folhapopular.info\\\/index.php\\\/2022\\\/03\\\/04\\\/programa-avancar-contempla-estrada-que-liga-poco-das-antas-a-teutonia\\\/#article\",\"isPartOf\":{\"@id\":\"https:\\\/\\\/folhapopular.info\\\/index.php\\\/2022\\\/03\\\/04\\\/programa-avancar-contempla-estrada-que-liga-poco-das-antas-a-teutonia\\\/\"},\"author\":{\"name\":\"Reda\u00e7\u00e3o Folha Popular\",\"@id\":\"https:\\\/\\\/folhapopular.info\\\/#\\\/schema\\\/person\\\/2814e8a0df7643585a9ca38bc6eb9d4b\"},\"headline\":\"Programa Avan\u00e7ar contempla estrada que liga Po\u00e7o das Antas a Teut\u00f4nia\",\"datePublished\":\"2022-03-04T19:35:00+00:00\",\"mainEntityOfPage\":{\"@id\":\"https:\\\/\\\/folhapopular.info\\\/index.php\\\/2022\\\/03\\\/04\\\/programa-avancar-contempla-estrada-que-liga-poco-das-antas-a-teutonia\\\/\"},\"wordCount\":243,\"commentCount\":0,\"image\":{\"@id\":\"https:\\\/\\\/folhapopular.info\\\/index.php\\\/2022\\\/03\\\/04\\\/programa-avancar-contempla-estrada-que-liga-poco-das-antas-a-teutonia\\\/#primaryimage\"},\"thumbnailUrl\":\"https:\\\/\\\/folhapopular.info\\\/wp-content\\\/uploads\\\/2022\\\/03\\\/2-Programa-Avancar-contempla-ERS-419-e1646421502670.jpeg\",\"keywords\":[\"Administra\u00e7\u00e3o\",\"Po\u00e7o das Antas\",\"Programa Avan\u00e7ar\",\"Rio Grande do Sul\",\"Teut\u00f4nia\"],\"articleSection\":[\"Destaques\",\"Geral\"],\"inLanguage\":\"pt-BR\",\"potentialAction\":[{\"@type\":\"CommentAction\",\"name\":\"Comment\",\"target\":[\"https:\\\/\\\/folhapopular.info\\\/index.php\\\/2022\\\/03\\\/04\\\/programa-avancar-contempla-estrada-que-liga-poco-das-antas-a-teutonia\\\/#respond\"]}]},{\"@type\":\"WebPage\",\"@id\":\"https:\\\/\\\/folhapopular.info\\\/index.php\\\/2022\\\/03\\\/04\\\/programa-avancar-contempla-estrada-que-liga-poco-das-antas-a-teutonia\\\/\",\"url\":\"https:\\\/\\\/folhapopular.info\\\/index.php\\\/2022\\\/03\\\/04\\\/programa-avancar-contempla-estrada-que-liga-poco-das-antas-a-teutonia\\\/\",\"name\":\"Programa Avan\u00e7ar contempla estrada que liga Po\u00e7o das Antas a Teut\u00f4nia - Folha Popular\",\"isPartOf\":{\"@id\":\"https:\\\/\\\/folhapopular.info\\\/#website\"},\"primaryImageOfPage\":{\"@id\":\"https:\\\/\\\/folhapopular.info\\\/index.php\\\/2022\\\/03\\\/04\\\/programa-avancar-contempla-estrada-que-liga-poco-das-antas-a-teutonia\\\/#primaryimage\"},\"image\":{\"@id\":\"https:\\\/\\\/folhapopular.info\\\/index.php\\\/2022\\\/03\\\/04\\\/programa-avancar-contempla-estrada-que-liga-poco-das-antas-a-teutonia\\\/#primaryimage\"},\"thumbnailUrl\":\"https:\\\/\\\/folhapopular.info\\\/wp-content\\\/uploads\\\/2022\\\/03\\\/2-Programa-Avancar-contempla-ERS-419-e1646421502670.jpeg\",\"datePublished\":\"2022-03-04T19:35:00+00:00\",\"author\":{\"@id\":\"https:\\\/\\\/folhapopular.info\\\/#\\\/schema\\\/person\\\/2814e8a0df7643585a9ca38bc6eb9d4b\"},\"breadcrumb\":{\"@id\":\"https:\\\/\\\/folhapopular.info\\\/index.php\\\/2022\\\/03\\\/04\\\/programa-avancar-contempla-estrada-que-liga-poco-das-antas-a-teutonia\\\/#breadcrumb\"},\"inLanguage\":\"pt-BR\",\"potentialAction\":[{\"@type\":\"ReadAction\",\"target\":[\"https:\\\/\\\/folhapopular.info\\\/index.php\\\/2022\\\/03\\\/04\\\/programa-avancar-contempla-estrada-que-liga-poco-das-antas-a-teutonia\\\/\"]}]},{\"@type\":\"ImageObject\",\"inLanguage\":\"pt-BR\",\"@id\":\"https:\\\/\\\/folhapopular.info\\\/index.php\\\/2022\\\/03\\\/04\\\/programa-avancar-contempla-estrada-que-liga-poco-das-antas-a-teutonia\\\/#primaryimage\",\"url\":\"https:\\\/\\\/folhapopular.info\\\/wp-content\\\/uploads\\\/2022\\\/03\\\/2-Programa-Avancar-contempla-ERS-419-e1646421502670.jpeg\",\"contentUrl\":\"https:\\\/\\\/folhapopular.info\\\/wp-content\\\/uploads\\\/2022\\\/03\\\/2-Programa-Avancar-contempla-ERS-419-e1646421502670.jpeg\",\"width\":800,\"height\":600,\"caption\":\"Representantes do MDB reivindicaram melhorias ao secret\u00e1rio Costella \\\/ Cr\u00e9dito: Divulga\u00e7\u00e3o\"},{\"@type\":\"BreadcrumbList\",\"@id\":\"https:\\\/\\\/folhapopular.info\\\/index.php\\\/2022\\\/03\\\/04\\\/programa-avancar-contempla-estrada-que-liga-poco-das-antas-a-teutonia\\\/#breadcrumb\",\"itemListElement\":[{\"@type\":\"ListItem\",\"position\":1,\"name\":\"In\u00edcio\",\"item\":\"https:\\\/\\\/folhapopular.info\\\/\"},{\"@type\":\"ListItem\",\"position\":2,\"name\":\"Programa Avan\u00e7ar contempla estrada que liga Po\u00e7o das Antas a Teut\u00f4nia\"}]},{\"@type\":\"WebSite\",\"@id\":\"https:\\\/\\\/folhapopular.info\\\/#website\",\"url\":\"https:\\\/\\\/folhapopular.info\\\/\",\"name\":\"Folha Popular\",\"description\":\"Onde voc\u00ea tem vez e voz\",\"potentialAction\":[{\"@type\":\"SearchAction\",\"target\":{\"@type\":\"EntryPoint\",\"urlTemplate\":\"https:\\\/\\\/folhapopular.info\\\/?s={search_term_string}\"},\"query-input\":{\"@type\":\"PropertyValueSpecification\",\"valueRequired\":true,\"valueName\":\"search_term_string\"}}],\"inLanguage\":\"pt-BR\"},{\"@type\":\"Person\",\"@id\":\"https:\\\/\\\/folhapopular.info\\\/#\\\/schema\\\/person\\\/2814e8a0df7643585a9ca38bc6eb9d4b\",\"name\":\"Reda\u00e7\u00e3o Folha Popular\",\"image\":{\"@type\":\"ImageObject\",\"inLanguage\":\"pt-BR\",\"@id\":\"https:\\\/\\\/folhapopular.info\\\/wp-content\\\/uploads\\\/2026\\\/04\\\/Folha-1.webp\",\"url\":\"https:\\\/\\\/folhapopular.info\\\/wp-content\\\/uploads\\\/2026\\\/04\\\/Folha-1.webp\",\"contentUrl\":\"https:\\\/\\\/folhapopular.info\\\/wp-content\\\/uploads\\\/2026\\\/04\\\/Folha-1.webp\",\"caption\":\"Reda\u00e7\u00e3o Folha Popular\"},\"url\":\"https:\\\/\\\/folhapopular.info\\\/index.php\\\/author\\\/redacao\\\/\"}]}<\/script>\n<!-- \/ Yoast SEO plugin. -->","yoast_head_json":{"title":"Programa Avan\u00e7ar contempla estrada que liga Po\u00e7o das Antas a Teut\u00f4nia - Folha Popular","robots":{"index":"index","follow":"follow","max-snippet":"max-snippet:-1","max-image-preview":"max-image-preview:large","max-video-preview":"max-video-preview:-1"},"canonical":"https:\/\/folhapopular.info\/index.php\/2022\/03\/04\/programa-avancar-contempla-estrada-que-liga-poco-das-antas-a-teutonia\/","og_locale":"pt_BR","og_type":"article","og_title":"Programa Avan\u00e7ar contempla estrada que liga Po\u00e7o das Antas a Teut\u00f4nia - Folha Popular","og_description":"O Governo do Rio Grande do Sul anunciou na sexta-feira (25\/2), as rodovias estaduais que integram a segunda etapa do Programa Avan\u00e7ar na Log\u00edstica e Transporte. A ERS-419, estrada que liga Po\u00e7o das Antas a Teut\u00f4nia, ser\u00e1 contemplada pelo programa e receber\u00e1 um recurso de R$ 3 milh\u00f5es a ser investido em melhorias no trajeto. [&hellip;]","og_url":"https:\/\/folhapopular.info\/index.php\/2022\/03\/04\/programa-avancar-contempla-estrada-que-liga-poco-das-antas-a-teutonia\/","og_site_name":"Folha Popular","article_published_time":"2022-03-04T19:35:00+00:00","og_image":[{"width":800,"height":600,"url":"https:\/\/folhapopular.info\/wp-content\/uploads\/2022\/03\/2-Programa-Avancar-contempla-ERS-419-e1646421502670.jpeg","type":"image\/jpeg"}],"author":"Reda\u00e7\u00e3o Folha Popular","twitter_card":"summary_large_image","twitter_misc":{"Escrito por":"Reda\u00e7\u00e3o Folha Popular","Est. tempo de leitura":"2 minutos"},"schema":{"@context":"https:\/\/schema.org","@graph":[{"@type":"Article","@id":"https:\/\/folhapopular.info\/index.php\/2022\/03\/04\/programa-avancar-contempla-estrada-que-liga-poco-das-antas-a-teutonia\/#article","isPartOf":{"@id":"https:\/\/folhapopular.info\/index.php\/2022\/03\/04\/programa-avancar-contempla-estrada-que-liga-poco-das-antas-a-teutonia\/"},"author":{"name":"Reda\u00e7\u00e3o Folha Popular","@id":"https:\/\/folhapopular.info\/#\/schema\/person\/2814e8a0df7643585a9ca38bc6eb9d4b"},"headline":"Programa Avan\u00e7ar contempla estrada que liga Po\u00e7o das Antas a Teut\u00f4nia","datePublished":"2022-03-04T19:35:00+00:00","mainEntityOfPage":{"@id":"https:\/\/folhapopular.info\/index.php\/2022\/03\/04\/programa-avancar-contempla-estrada-que-liga-poco-das-antas-a-teutonia\/"},"wordCount":243,"commentCount":0,"image":{"@id":"https:\/\/folhapopular.info\/index.php\/2022\/03\/04\/programa-avancar-contempla-estrada-que-liga-poco-das-antas-a-teutonia\/#primaryimage"},"thumbnailUrl":"https:\/\/folhapopular.info\/wp-content\/uploads\/2022\/03\/2-Programa-Avancar-contempla-ERS-419-e1646421502670.jpeg","keywords":["Administra\u00e7\u00e3o","Po\u00e7o das Antas","Programa Avan\u00e7ar","Rio Grande do Sul","Teut\u00f4nia"],"articleSection":["Destaques","Geral"],"inLanguage":"pt-BR","potentialAction":[{"@type":"CommentAction","name":"Comment","target":["https:\/\/folhapopular.info\/index.php\/2022\/03\/04\/programa-avancar-contempla-estrada-que-liga-poco-das-antas-a-teutonia\/#respond"]}]},{"@type":"WebPage","@id":"https:\/\/folhapopular.info\/index.php\/2022\/03\/04\/programa-avancar-contempla-estrada-que-liga-poco-das-antas-a-teutonia\/","url":"https:\/\/folhapopular.info\/index.php\/2022\/03\/04\/programa-avancar-contempla-estrada-que-liga-poco-das-antas-a-teutonia\/","name":"Programa Avan\u00e7ar contempla estrada que liga Po\u00e7o das Antas a Teut\u00f4nia - Folha Popular","isPartOf":{"@id":"https:\/\/folhapopular.info\/#website"},"primaryImageOfPage":{"@id":"https:\/\/folhapopular.info\/index.php\/2022\/03\/04\/programa-avancar-contempla-estrada-que-liga-poco-das-antas-a-teutonia\/#primaryimage"},"image":{"@id":"https:\/\/folhapopular.info\/index.php\/2022\/03\/04\/programa-avancar-contempla-estrada-que-liga-poco-das-antas-a-teutonia\/#primaryimage"},"thumbnailUrl":"https:\/\/folhapopular.info\/wp-content\/uploads\/2022\/03\/2-Programa-Avancar-contempla-ERS-419-e1646421502670.jpeg","datePublished":"2022-03-04T19:35:00+00:00","author":{"@id":"https:\/\/folhapopular.info\/#\/schema\/person\/2814e8a0df7643585a9ca38bc6eb9d4b"},"breadcrumb":{"@id":"https:\/\/folhapopular.info\/index.php\/2022\/03\/04\/programa-avancar-contempla-estrada-que-liga-poco-das-antas-a-teutonia\/#breadcrumb"},"inLanguage":"pt-BR","potentialAction":[{"@type":"ReadAction","target":["https:\/\/folhapopular.info\/index.php\/2022\/03\/04\/programa-avancar-contempla-estrada-que-liga-poco-das-antas-a-teutonia\/"]}]},{"@type":"ImageObject","inLanguage":"pt-BR","@id":"https:\/\/folhapopular.info\/index.php\/2022\/03\/04\/programa-avancar-contempla-estrada-que-liga-poco-das-antas-a-teutonia\/#primaryimage","url":"https:\/\/folhapopular.info\/wp-content\/uploads\/2022\/03\/2-Programa-Avancar-contempla-ERS-419-e1646421502670.jpeg","contentUrl":"https:\/\/folhapopular.info\/wp-content\/uploads\/2022\/03\/2-Programa-Avancar-contempla-ERS-419-e1646421502670.jpeg","width":800,"height":600,"caption":"Representantes do MDB reivindicaram melhorias ao secret\u00e1rio Costella \/ Cr\u00e9dito: Divulga\u00e7\u00e3o"},{"@type":"BreadcrumbList","@id":"https:\/\/folhapopular.info\/index.php\/2022\/03\/04\/programa-avancar-contempla-estrada-que-liga-poco-das-antas-a-teutonia\/#breadcrumb","itemListElement":[{"@type":"ListItem","position":1,"name":"In\u00edcio","item":"https:\/\/folhapopular.info\/"},{"@type":"ListItem","position":2,"name":"Programa Avan\u00e7ar contempla estrada que liga Po\u00e7o das Antas a Teut\u00f4nia"}]},{"@type":"WebSite","@id":"https:\/\/folhapopular.info\/#website","url":"https:\/\/folhapopular.info\/","name":"Folha Popular","description":"Onde voc\u00ea tem vez e voz","potentialAction":[{"@type":"SearchAction","target":{"@type":"EntryPoint","urlTemplate":"https:\/\/folhapopular.info\/?s={search_term_string}"},"query-input":{"@type":"PropertyValueSpecification","valueRequired":true,"valueName":"search_term_string"}}],"inLanguage":"pt-BR"},{"@type":"Person","@id":"https:\/\/folhapopular.info\/#\/schema\/person\/2814e8a0df7643585a9ca38bc6eb9d4b","name":"Reda\u00e7\u00e3o Folha Popular","image":{"@type":"ImageObject","inLanguage":"pt-BR","@id":"https:\/\/folhapopular.info\/wp-content\/uploads\/2026\/04\/Folha-1.webp","url":"https:\/\/folhapopular.info\/wp-content\/uploads\/2026\/04\/Folha-1.webp","contentUrl":"https:\/\/folhapopular.info\/wp-content\/uploads\/2026\/04\/Folha-1.webp","caption":"Reda\u00e7\u00e3o Folha Popular"},"url":"https:\/\/folhapopular.info\/index.php\/author\/redacao\/"}]}},"jetpack_featured_media_url":"https:\/\/folhapopular.info\/wp-content\/uploads\/2022\/03\/2-Programa-Avancar-contempla-ERS-419-e1646421502670.jpeg","jetpack_sharing_enabled":true,"amp_enabled":true,"_links":{"self":[{"href":"https:\/\/folhapopular.info\/index.php\/wp-json\/wp\/v2\/posts\/99605","targetHints":{"allow":["GET"]}}],"collection":[{"href":"https:\/\/folhapopular.info\/index.php\/wp-json\/wp\/v2\/posts"}],"about":[{"href":"https:\/\/folhapopular.info\/index.php\/wp-json\/wp\/v2\/types\/post"}],"author":[{"embeddable":true,"href":"https:\/\/folhapopular.info\/index.php\/wp-json\/wp\/v2\/users\/8"}],"replies":[{"embeddable":true,"href":"https:\/\/folhapopular.info\/index.php\/wp-json\/wp\/v2\/comments?post=99605"}],"version-history":[{"count":0,"href":"https:\/\/folhapopular.info\/index.php\/wp-json\/wp\/v2\/posts\/99605\/revisions"}],"wp:featuredmedia":[{"embeddable":true,"href":"https:\/\/folhapopular.info\/index.php\/wp-json\/wp\/v2\/media\/99606"}],"wp:attachment":[{"href":"https:\/\/folhapopular.info\/index.php\/wp-json\/wp\/v2\/media?parent=99605"}],"wp:term":[{"taxonomy":"category","embeddable":true,"href":"https:\/\/folhapopular.info\/index.php\/wp-json\/wp\/v2\/categories?post=99605"},{"taxonomy":"post_tag","embeddable":true,"href":"https:\/\/folhapopular.info\/index.php\/wp-json\/wp\/v2\/tags?post=99605"}],"curies":[{"name":"wp","href":"https:\/\/api.w.org\/{rel}","templated":true}]}}