{"id":99712,"date":"2022-03-06T14:00:00","date_gmt":"2022-03-06T17:00:00","guid":{"rendered":"https:\/\/folhapopular.info\/?p=99712"},"modified":"2022-03-05T11:19:28","modified_gmt":"2022-03-05T14:19:28","slug":"resultado-do-prouni-ja-pode-ser-conferido","status":"publish","type":"post","link":"https:\/\/folhapopular.info\/index.php\/2022\/03\/06\/resultado-do-prouni-ja-pode-ser-conferido\/","title":{"rendered":"Resultado do Prouni j\u00e1 pode ser conferido"},"content":{"rendered":"\n<p>O resultado do Programa Universidade para Todos (Prouni) foi divulgado nessa quarta-feira (2\/3). O resultado pode ser consultado no site do programa. Os candidatos selecionados ter\u00e3o que comprovar as informa\u00e7\u00f5es e apresentar a documenta\u00e7\u00e3o para as institui\u00e7\u00f5es at\u00e9 o dia 14 de mar\u00e7o.<\/p>\n\n\n\n<p>O resultado da segunda chamada ser\u00e1 divulgado no dia 21 de mar\u00e7o e os estudantes selecionados ter\u00e3o entre os dias 21 e 29 de mar\u00e7o para comprovar as informa\u00e7\u00f5es. A lista de espera estar\u00e1 dispon\u00edvel para consulta em 4 e 5 de abril.<\/p>\n\n\n\n<p>Para ter acesso \u00e0 bolsa integral, o estudante deve comprovar renda familiar bruta mensal de at\u00e9 1,5 sal\u00e1rio-m\u00ednimo por pessoa. Para a bolsa parcial, a renda familiar bruta mensal deve ser de at\u00e9 tr\u00eas sal\u00e1rios-m\u00ednimos por pessoa. \u00c9 necess\u00e1rio tamb\u00e9m que o interessado tenha cursado o ensino m\u00e9dio completo em escola da rede p\u00fablica ou da rede privada com bolsa integral ou parcial.<\/p>\n\n\n\n<p>Na edi\u00e7\u00e3o deste ano, o programa vai considerar as duas \u00faltimas edi\u00e7\u00f5es do Exame Nacional do Ensino M\u00e9dio (Enem) para ingresso em cursos de gradua\u00e7\u00e3o ou sequencial de forma\u00e7\u00e3o espec\u00edfica. No Enem, o candidato deve ter alcan\u00e7ado, no m\u00ednimo, 450 pontos de m\u00e9dia das notas e n\u00e3o pode ter tirado zero na reda\u00e7\u00e3o. At\u00e9 ent\u00e3o, a regra em vigor era de que apenas a nota da \u00faltima edi\u00e7\u00e3o do Enem, aquela imediatamente anterior ao processo seletivo do Prouni, poderia ser utilizada pelos candidatos para entrar no programa.<\/p>\n\n\n\n<p><strong>Matr\u00edculas da primeira chamada do Sisu v\u00e3o at\u00e9 8 de mar\u00e7o<\/strong><\/p>\n\n\n\n<p>At\u00e9 o dia 8 de mar\u00e7o estudantes selecionados na primeira chamada do processo seletivo do Sistema de Sele\u00e7\u00e3o Unificada (Sisu) podem fazer matr\u00edcula na institui\u00e7\u00e3o de ensino na qual foi selecionado. O programa permite que estudantes com melhores desempenhos no Enem conquistem vagas em universidades p\u00fablicas.<\/p>\n\n\n\n<p>O Minist\u00e9rio da Educa\u00e7\u00e3o (MEC) recomenda que os estudantes fiquem atentos aos dias, hor\u00e1rios e locais de atendimento definidos por cada institui\u00e7\u00e3o, divulgadas em seus pr\u00f3prios editais. A lista com os candidatos aprovados pode ser acessada por meio do boletim do candidato, na p\u00e1gina do Sisu, nas institui\u00e7\u00f5es participantes e na Central de Atendimento do MEC, no telefone 0800-616161.<\/p>\n\n\n\n<p><strong>De sonho \u00e0 realidade<\/strong><\/p>\n\n\n\n<p>Laura Francisca Ahlert (17), moradora de Linha Frank, em Teut\u00f4nia, queria usar a nota do Enem para tentar uma vaga em Biblioteconomia. O desejo dela se realizou. Ela ficou em segundo lugar em 19 vagas. Ir\u00e1 iniciar seus estudos, em abril, na Universidade Federal do Rio Grande. A jovem utilizou o programa Sisu para concorrer a uma vaga.<\/p>\n\n\n\n<p>A aprova\u00e7\u00e3o foi conquistada em sua primeira participa\u00e7\u00e3o do Exame. \u201cA no\u00e7\u00e3o de que eu estava saindo do ensino m\u00e9dio e entrando em uma nova fase da minha vida, da import\u00e2ncia da nota e a press\u00e3o que cai sobre n\u00f3s, adolescentes, transformaram a experi\u00eancia em algo assustador. Sem contar a ansiedade que todos esses fatores geram\u201d, destacou.<\/p>\n\n\n\n<p>Laura conta que, devido \u00e0 pandemia e, em consequ\u00eancia, as aulas em formato \u00e0 dist\u00e2ncia (EAD), n\u00e3o se sentia capacitada para realizar as provas. \u201cEu n\u00e3o consegui me preparar direito. E, querendo ou n\u00e3o, ver os alunos de cursinho na sala onde eu fiz a prova s\u00f3 fez parecer um problema ainda maior. O \u00fanico preparo que tive foram as aulas do terceiro ano\u201d, pontua.<br>Sobre as dificuldades dos exames, a futura acad\u00eamica relata que, al\u00e9m das quest\u00f5es pr\u00e1ticas, as estruturas para as aplica\u00e7\u00f5es n\u00e3o colaboraram. \u201cPor mais que quem saia de uma escola p\u00fablica esteja um pouco acostumado, o som dos ventiladores e o calor intenso te impede de se concentrar totalmente, mesmo sabendo da import\u00e2ncia da prova. Falando das provas mesmo, a reda\u00e7\u00e3o n\u00e3o facilitou\u201d, enfatiza.<\/p>\n\n\n\n<p><br><strong>Acesso ao Fies pelo MEC<\/strong><\/p>\n\n\n\n<p>O MEC abrir\u00e1 no dia 8 de mar\u00e7o as inscri\u00e7\u00f5es para o Fundo de Financiamento Estudantil (Fies) 2022. As inscri\u00e7\u00f5es podem ser feitas at\u00e9 o dia 11 e o resultado ser\u00e1 divulgado no dia 15. Complementos de informa\u00e7\u00f5es devem ser feitos do dia 16 ao dia 18. J\u00e1 a lista de espera vai do dia 16 de mar\u00e7o at\u00e9 28 de abril.<\/p>\n\n\n\n<p>Poder\u00e1 se inscrever no processo seletivo o candidato que participou do<strong>Enem<\/strong>, a partir da edi\u00e7\u00e3o de 2010 e tenha obtido m\u00e9dia aritm\u00e9tica das notas nas provas igual ou superior a 450 pontos e nota superior a zero na reda\u00e7\u00e3o. O Fies \u00e9 um programa do MEC que financia cursos superiores n\u00e3o gratuitos com avalia\u00e7\u00e3o positiva no Sistema Nacional de Avalia\u00e7\u00e3o da Educa\u00e7\u00e3o Superior.<\/p>\n","protected":false},"excerpt":{"rendered":"<p>O resultado do Programa Universidade para Todos (Prouni) foi divulgado nessa quarta-feira (2\/3). O resultado pode ser consultado no site do programa. Os candidatos selecionados ter\u00e3o que comprovar as informa\u00e7\u00f5es e apresentar a documenta\u00e7\u00e3o para as institui\u00e7\u00f5es at\u00e9 o dia 14 de mar\u00e7o. O resultado da segunda chamada ser\u00e1 divulgado no dia 21 de mar\u00e7o [&hellip;]<\/p>\n","protected":false},"author":619,"featured_media":99713,"comment_status":"open","ping_status":"open","sticky":false,"template":"","format":"standard","meta":{"pmpro_default_level":"","_jetpack_memberships_contains_paid_content":false,"footnotes":""},"categories":[2,3],"tags":[1978,8153,6392],"class_list":{"0":"post-99712","1":"post","2":"type-post","3":"status-publish","4":"format-standard","5":"has-post-thumbnail","7":"category-featured","8":"category-geral","9":"tag-enem","10":"tag-prouni","11":"tag-site","12":"pmpro-has-access"},"yoast_head":"<!-- This site is optimized with the Yoast SEO plugin v27.5 - https:\/\/yoast.com\/product\/yoast-seo-wordpress\/ -->\n<title>Resultado do Prouni j\u00e1 pode ser conferido - Folha Popular<\/title>\n<meta name=\"robots\" content=\"index, follow, max-snippet:-1, max-image-preview:large, max-video-preview:-1\" \/>\n<link rel=\"canonical\" href=\"https:\/\/folhapopular.info\/index.php\/2022\/03\/06\/resultado-do-prouni-ja-pode-ser-conferido\/\" \/>\n<meta property=\"og:locale\" content=\"pt_BR\" \/>\n<meta property=\"og:type\" content=\"article\" \/>\n<meta property=\"og:title\" content=\"Resultado do Prouni j\u00e1 pode ser conferido - Folha Popular\" \/>\n<meta property=\"og:description\" content=\"O resultado do Programa Universidade para Todos (Prouni) foi divulgado nessa quarta-feira (2\/3). O resultado pode ser consultado no site do programa. Os candidatos selecionados ter\u00e3o que comprovar as informa\u00e7\u00f5es e apresentar a documenta\u00e7\u00e3o para as institui\u00e7\u00f5es at\u00e9 o dia 14 de mar\u00e7o. O resultado da segunda chamada ser\u00e1 divulgado no dia 21 de mar\u00e7o [&hellip;]\" \/>\n<meta property=\"og:url\" content=\"https:\/\/folhapopular.info\/index.php\/2022\/03\/06\/resultado-do-prouni-ja-pode-ser-conferido\/\" \/>\n<meta property=\"og:site_name\" content=\"Folha Popular\" \/>\n<meta property=\"article:published_time\" content=\"2022-03-06T17:00:00+00:00\" \/>\n<meta property=\"og:image\" content=\"https:\/\/folhapopular.info\/wp-content\/uploads\/2022\/03\/PEXELS-2-scaled-e1646489907377.jpg\" \/>\n\t<meta property=\"og:image:width\" content=\"800\" \/>\n\t<meta property=\"og:image:height\" content=\"533\" \/>\n\t<meta property=\"og:image:type\" content=\"image\/jpeg\" \/>\n<meta name=\"author\" content=\"Paola Possenatto\" \/>\n<meta name=\"twitter:card\" content=\"summary_large_image\" \/>\n<meta name=\"twitter:label1\" content=\"Escrito por\" \/>\n\t<meta name=\"twitter:data1\" content=\"Paola Possenatto\" \/>\n\t<meta name=\"twitter:label2\" content=\"Est. tempo de leitura\" \/>\n\t<meta name=\"twitter:data2\" content=\"5 minutos\" \/>\n<script type=\"application\/ld+json\" class=\"yoast-schema-graph\">{\"@context\":\"https:\\\/\\\/schema.org\",\"@graph\":[{\"@type\":\"Article\",\"@id\":\"https:\\\/\\\/folhapopular.info\\\/index.php\\\/2022\\\/03\\\/06\\\/resultado-do-prouni-ja-pode-ser-conferido\\\/#article\",\"isPartOf\":{\"@id\":\"https:\\\/\\\/folhapopular.info\\\/index.php\\\/2022\\\/03\\\/06\\\/resultado-do-prouni-ja-pode-ser-conferido\\\/\"},\"author\":{\"name\":\"Paola Possenatto\",\"@id\":\"https:\\\/\\\/folhapopular.info\\\/#\\\/schema\\\/person\\\/f2ac82704a75570d89d5485d2cfcec59\"},\"headline\":\"Resultado do Prouni j\u00e1 pode ser conferido\",\"datePublished\":\"2022-03-06T17:00:00+00:00\",\"mainEntityOfPage\":{\"@id\":\"https:\\\/\\\/folhapopular.info\\\/index.php\\\/2022\\\/03\\\/06\\\/resultado-do-prouni-ja-pode-ser-conferido\\\/\"},\"wordCount\":791,\"commentCount\":0,\"image\":{\"@id\":\"https:\\\/\\\/folhapopular.info\\\/index.php\\\/2022\\\/03\\\/06\\\/resultado-do-prouni-ja-pode-ser-conferido\\\/#primaryimage\"},\"thumbnailUrl\":\"https:\\\/\\\/folhapopular.info\\\/wp-content\\\/uploads\\\/2022\\\/03\\\/PEXELS-2-scaled-e1646489907377.jpg\",\"keywords\":[\"Enem\",\"Prouni\",\"Site\"],\"articleSection\":[\"Destaques\",\"Geral\"],\"inLanguage\":\"pt-BR\",\"potentialAction\":[{\"@type\":\"CommentAction\",\"name\":\"Comment\",\"target\":[\"https:\\\/\\\/folhapopular.info\\\/index.php\\\/2022\\\/03\\\/06\\\/resultado-do-prouni-ja-pode-ser-conferido\\\/#respond\"]}]},{\"@type\":\"WebPage\",\"@id\":\"https:\\\/\\\/folhapopular.info\\\/index.php\\\/2022\\\/03\\\/06\\\/resultado-do-prouni-ja-pode-ser-conferido\\\/\",\"url\":\"https:\\\/\\\/folhapopular.info\\\/index.php\\\/2022\\\/03\\\/06\\\/resultado-do-prouni-ja-pode-ser-conferido\\\/\",\"name\":\"Resultado do Prouni j\u00e1 pode ser conferido - Folha Popular\",\"isPartOf\":{\"@id\":\"https:\\\/\\\/folhapopular.info\\\/#website\"},\"primaryImageOfPage\":{\"@id\":\"https:\\\/\\\/folhapopular.info\\\/index.php\\\/2022\\\/03\\\/06\\\/resultado-do-prouni-ja-pode-ser-conferido\\\/#primaryimage\"},\"image\":{\"@id\":\"https:\\\/\\\/folhapopular.info\\\/index.php\\\/2022\\\/03\\\/06\\\/resultado-do-prouni-ja-pode-ser-conferido\\\/#primaryimage\"},\"thumbnailUrl\":\"https:\\\/\\\/folhapopular.info\\\/wp-content\\\/uploads\\\/2022\\\/03\\\/PEXELS-2-scaled-e1646489907377.jpg\",\"datePublished\":\"2022-03-06T17:00:00+00:00\",\"author\":{\"@id\":\"https:\\\/\\\/folhapopular.info\\\/#\\\/schema\\\/person\\\/f2ac82704a75570d89d5485d2cfcec59\"},\"breadcrumb\":{\"@id\":\"https:\\\/\\\/folhapopular.info\\\/index.php\\\/2022\\\/03\\\/06\\\/resultado-do-prouni-ja-pode-ser-conferido\\\/#breadcrumb\"},\"inLanguage\":\"pt-BR\",\"potentialAction\":[{\"@type\":\"ReadAction\",\"target\":[\"https:\\\/\\\/folhapopular.info\\\/index.php\\\/2022\\\/03\\\/06\\\/resultado-do-prouni-ja-pode-ser-conferido\\\/\"]}]},{\"@type\":\"ImageObject\",\"inLanguage\":\"pt-BR\",\"@id\":\"https:\\\/\\\/folhapopular.info\\\/index.php\\\/2022\\\/03\\\/06\\\/resultado-do-prouni-ja-pode-ser-conferido\\\/#primaryimage\",\"url\":\"https:\\\/\\\/folhapopular.info\\\/wp-content\\\/uploads\\\/2022\\\/03\\\/PEXELS-2-scaled-e1646489907377.jpg\",\"contentUrl\":\"https:\\\/\\\/folhapopular.info\\\/wp-content\\\/uploads\\\/2022\\\/03\\\/PEXELS-2-scaled-e1646489907377.jpg\",\"width\":800,\"height\":533,\"caption\":\"Programas acessados por meio do Enem s\u00e3o a oportunidade para jovens ingressarem no Ensino Superior \\\/ Cr\u00e9dito: Pexels\"},{\"@type\":\"BreadcrumbList\",\"@id\":\"https:\\\/\\\/folhapopular.info\\\/index.php\\\/2022\\\/03\\\/06\\\/resultado-do-prouni-ja-pode-ser-conferido\\\/#breadcrumb\",\"itemListElement\":[{\"@type\":\"ListItem\",\"position\":1,\"name\":\"In\u00edcio\",\"item\":\"https:\\\/\\\/folhapopular.info\\\/\"},{\"@type\":\"ListItem\",\"position\":2,\"name\":\"Resultado do Prouni j\u00e1 pode ser conferido\"}]},{\"@type\":\"WebSite\",\"@id\":\"https:\\\/\\\/folhapopular.info\\\/#website\",\"url\":\"https:\\\/\\\/folhapopular.info\\\/\",\"name\":\"Folha Popular\",\"description\":\"Onde voc\u00ea tem vez e voz\",\"potentialAction\":[{\"@type\":\"SearchAction\",\"target\":{\"@type\":\"EntryPoint\",\"urlTemplate\":\"https:\\\/\\\/folhapopular.info\\\/?s={search_term_string}\"},\"query-input\":{\"@type\":\"PropertyValueSpecification\",\"valueRequired\":true,\"valueName\":\"search_term_string\"}}],\"inLanguage\":\"pt-BR\"},{\"@type\":\"Person\",\"@id\":\"https:\\\/\\\/folhapopular.info\\\/#\\\/schema\\\/person\\\/f2ac82704a75570d89d5485d2cfcec59\",\"name\":\"Paola Possenatto\",\"image\":{\"@type\":\"ImageObject\",\"inLanguage\":\"pt-BR\",\"@id\":\"https:\\\/\\\/secure.gravatar.com\\\/avatar\\\/3f60b3eadf49ab9644afd71b75144f14b76c73fe8f99223954f5410dcd6a8a6f?s=96&d=mm&r=g\",\"url\":\"https:\\\/\\\/secure.gravatar.com\\\/avatar\\\/3f60b3eadf49ab9644afd71b75144f14b76c73fe8f99223954f5410dcd6a8a6f?s=96&d=mm&r=g\",\"contentUrl\":\"https:\\\/\\\/secure.gravatar.com\\\/avatar\\\/3f60b3eadf49ab9644afd71b75144f14b76c73fe8f99223954f5410dcd6a8a6f?s=96&d=mm&r=g\",\"caption\":\"Paola Possenatto\"},\"url\":\"https:\\\/\\\/folhapopular.info\\\/index.php\\\/author\\\/paola-possenattouniverso-univates-br\\\/\"}]}<\/script>\n<!-- \/ Yoast SEO plugin. -->","yoast_head_json":{"title":"Resultado do Prouni j\u00e1 pode ser conferido - Folha Popular","robots":{"index":"index","follow":"follow","max-snippet":"max-snippet:-1","max-image-preview":"max-image-preview:large","max-video-preview":"max-video-preview:-1"},"canonical":"https:\/\/folhapopular.info\/index.php\/2022\/03\/06\/resultado-do-prouni-ja-pode-ser-conferido\/","og_locale":"pt_BR","og_type":"article","og_title":"Resultado do Prouni j\u00e1 pode ser conferido - Folha Popular","og_description":"O resultado do Programa Universidade para Todos (Prouni) foi divulgado nessa quarta-feira (2\/3). O resultado pode ser consultado no site do programa. Os candidatos selecionados ter\u00e3o que comprovar as informa\u00e7\u00f5es e apresentar a documenta\u00e7\u00e3o para as institui\u00e7\u00f5es at\u00e9 o dia 14 de mar\u00e7o. O resultado da segunda chamada ser\u00e1 divulgado no dia 21 de mar\u00e7o [&hellip;]","og_url":"https:\/\/folhapopular.info\/index.php\/2022\/03\/06\/resultado-do-prouni-ja-pode-ser-conferido\/","og_site_name":"Folha Popular","article_published_time":"2022-03-06T17:00:00+00:00","og_image":[{"width":800,"height":533,"url":"https:\/\/folhapopular.info\/wp-content\/uploads\/2022\/03\/PEXELS-2-scaled-e1646489907377.jpg","type":"image\/jpeg"}],"author":"Paola Possenatto","twitter_card":"summary_large_image","twitter_misc":{"Escrito por":"Paola Possenatto","Est. tempo de leitura":"5 minutos"},"schema":{"@context":"https:\/\/schema.org","@graph":[{"@type":"Article","@id":"https:\/\/folhapopular.info\/index.php\/2022\/03\/06\/resultado-do-prouni-ja-pode-ser-conferido\/#article","isPartOf":{"@id":"https:\/\/folhapopular.info\/index.php\/2022\/03\/06\/resultado-do-prouni-ja-pode-ser-conferido\/"},"author":{"name":"Paola Possenatto","@id":"https:\/\/folhapopular.info\/#\/schema\/person\/f2ac82704a75570d89d5485d2cfcec59"},"headline":"Resultado do Prouni j\u00e1 pode ser conferido","datePublished":"2022-03-06T17:00:00+00:00","mainEntityOfPage":{"@id":"https:\/\/folhapopular.info\/index.php\/2022\/03\/06\/resultado-do-prouni-ja-pode-ser-conferido\/"},"wordCount":791,"commentCount":0,"image":{"@id":"https:\/\/folhapopular.info\/index.php\/2022\/03\/06\/resultado-do-prouni-ja-pode-ser-conferido\/#primaryimage"},"thumbnailUrl":"https:\/\/folhapopular.info\/wp-content\/uploads\/2022\/03\/PEXELS-2-scaled-e1646489907377.jpg","keywords":["Enem","Prouni","Site"],"articleSection":["Destaques","Geral"],"inLanguage":"pt-BR","potentialAction":[{"@type":"CommentAction","name":"Comment","target":["https:\/\/folhapopular.info\/index.php\/2022\/03\/06\/resultado-do-prouni-ja-pode-ser-conferido\/#respond"]}]},{"@type":"WebPage","@id":"https:\/\/folhapopular.info\/index.php\/2022\/03\/06\/resultado-do-prouni-ja-pode-ser-conferido\/","url":"https:\/\/folhapopular.info\/index.php\/2022\/03\/06\/resultado-do-prouni-ja-pode-ser-conferido\/","name":"Resultado do Prouni j\u00e1 pode ser conferido - Folha Popular","isPartOf":{"@id":"https:\/\/folhapopular.info\/#website"},"primaryImageOfPage":{"@id":"https:\/\/folhapopular.info\/index.php\/2022\/03\/06\/resultado-do-prouni-ja-pode-ser-conferido\/#primaryimage"},"image":{"@id":"https:\/\/folhapopular.info\/index.php\/2022\/03\/06\/resultado-do-prouni-ja-pode-ser-conferido\/#primaryimage"},"thumbnailUrl":"https:\/\/folhapopular.info\/wp-content\/uploads\/2022\/03\/PEXELS-2-scaled-e1646489907377.jpg","datePublished":"2022-03-06T17:00:00+00:00","author":{"@id":"https:\/\/folhapopular.info\/#\/schema\/person\/f2ac82704a75570d89d5485d2cfcec59"},"breadcrumb":{"@id":"https:\/\/folhapopular.info\/index.php\/2022\/03\/06\/resultado-do-prouni-ja-pode-ser-conferido\/#breadcrumb"},"inLanguage":"pt-BR","potentialAction":[{"@type":"ReadAction","target":["https:\/\/folhapopular.info\/index.php\/2022\/03\/06\/resultado-do-prouni-ja-pode-ser-conferido\/"]}]},{"@type":"ImageObject","inLanguage":"pt-BR","@id":"https:\/\/folhapopular.info\/index.php\/2022\/03\/06\/resultado-do-prouni-ja-pode-ser-conferido\/#primaryimage","url":"https:\/\/folhapopular.info\/wp-content\/uploads\/2022\/03\/PEXELS-2-scaled-e1646489907377.jpg","contentUrl":"https:\/\/folhapopular.info\/wp-content\/uploads\/2022\/03\/PEXELS-2-scaled-e1646489907377.jpg","width":800,"height":533,"caption":"Programas acessados por meio do Enem s\u00e3o a oportunidade para jovens ingressarem no Ensino Superior \/ Cr\u00e9dito: Pexels"},{"@type":"BreadcrumbList","@id":"https:\/\/folhapopular.info\/index.php\/2022\/03\/06\/resultado-do-prouni-ja-pode-ser-conferido\/#breadcrumb","itemListElement":[{"@type":"ListItem","position":1,"name":"In\u00edcio","item":"https:\/\/folhapopular.info\/"},{"@type":"ListItem","position":2,"name":"Resultado do Prouni j\u00e1 pode ser conferido"}]},{"@type":"WebSite","@id":"https:\/\/folhapopular.info\/#website","url":"https:\/\/folhapopular.info\/","name":"Folha Popular","description":"Onde voc\u00ea tem vez e voz","potentialAction":[{"@type":"SearchAction","target":{"@type":"EntryPoint","urlTemplate":"https:\/\/folhapopular.info\/?s={search_term_string}"},"query-input":{"@type":"PropertyValueSpecification","valueRequired":true,"valueName":"search_term_string"}}],"inLanguage":"pt-BR"},{"@type":"Person","@id":"https:\/\/folhapopular.info\/#\/schema\/person\/f2ac82704a75570d89d5485d2cfcec59","name":"Paola Possenatto","image":{"@type":"ImageObject","inLanguage":"pt-BR","@id":"https:\/\/secure.gravatar.com\/avatar\/3f60b3eadf49ab9644afd71b75144f14b76c73fe8f99223954f5410dcd6a8a6f?s=96&d=mm&r=g","url":"https:\/\/secure.gravatar.com\/avatar\/3f60b3eadf49ab9644afd71b75144f14b76c73fe8f99223954f5410dcd6a8a6f?s=96&d=mm&r=g","contentUrl":"https:\/\/secure.gravatar.com\/avatar\/3f60b3eadf49ab9644afd71b75144f14b76c73fe8f99223954f5410dcd6a8a6f?s=96&d=mm&r=g","caption":"Paola Possenatto"},"url":"https:\/\/folhapopular.info\/index.php\/author\/paola-possenattouniverso-univates-br\/"}]}},"jetpack_featured_media_url":"https:\/\/folhapopular.info\/wp-content\/uploads\/2022\/03\/PEXELS-2-scaled-e1646489907377.jpg","jetpack_sharing_enabled":true,"amp_enabled":true,"_links":{"self":[{"href":"https:\/\/folhapopular.info\/index.php\/wp-json\/wp\/v2\/posts\/99712","targetHints":{"allow":["GET"]}}],"collection":[{"href":"https:\/\/folhapopular.info\/index.php\/wp-json\/wp\/v2\/posts"}],"about":[{"href":"https:\/\/folhapopular.info\/index.php\/wp-json\/wp\/v2\/types\/post"}],"author":[{"embeddable":true,"href":"https:\/\/folhapopular.info\/index.php\/wp-json\/wp\/v2\/users\/619"}],"replies":[{"embeddable":true,"href":"https:\/\/folhapopular.info\/index.php\/wp-json\/wp\/v2\/comments?post=99712"}],"version-history":[{"count":0,"href":"https:\/\/folhapopular.info\/index.php\/wp-json\/wp\/v2\/posts\/99712\/revisions"}],"wp:featuredmedia":[{"embeddable":true,"href":"https:\/\/folhapopular.info\/index.php\/wp-json\/wp\/v2\/media\/99713"}],"wp:attachment":[{"href":"https:\/\/folhapopular.info\/index.php\/wp-json\/wp\/v2\/media?parent=99712"}],"wp:term":[{"taxonomy":"category","embeddable":true,"href":"https:\/\/folhapopular.info\/index.php\/wp-json\/wp\/v2\/categories?post=99712"},{"taxonomy":"post_tag","embeddable":true,"href":"https:\/\/folhapopular.info\/index.php\/wp-json\/wp\/v2\/tags?post=99712"}],"curies":[{"name":"wp","href":"https:\/\/api.w.org\/{rel}","templated":true}]}}