{"id":99906,"date":"2022-03-09T09:44:58","date_gmt":"2022-03-09T12:44:58","guid":{"rendered":"https:\/\/folhapopular.info\/?p=99906"},"modified":"2022-03-09T09:46:38","modified_gmt":"2022-03-09T12:46:38","slug":"administracao-de-arroio-do-meio-pede-viaduto-e-elevada-na-ers-130","status":"publish","type":"post","link":"https:\/\/folhapopular.info\/index.php\/2022\/03\/09\/administracao-de-arroio-do-meio-pede-viaduto-e-elevada-na-ers-130\/","title":{"rendered":"Administra\u00e7\u00e3o de Arroio do Meio pede viaduto e elevada na ERS-130"},"content":{"rendered":"\n<p>O prefeito Danilo Bruxel acompanhado da vice Adriana Meneghini Lermen, do secret\u00e1rio de Administra\u00e7\u00e3o, Aurio Scherer e do secret\u00e1rio da Fazenda, Valdecir Crecencio participou na sexta-feira (4\/3), de uma audi\u00eancia virtual com o Secret\u00e1rio Extraordin\u00e1rio de Parcerias do Estado, Leonardo Busatto.<\/p>\n\n\n\n<p>Na ocasi\u00e3o a Administra\u00e7\u00e3o Municipal refor\u00e7ou a necessidade de mudan\u00e7a nas obras de concess\u00e3o da ERS-130, especialmente no trevo de acesso \u00e0 cidade. \u201cNosso maior problema hoje \u00e9 a entrada e sa\u00edda de ve\u00edculos no trevo. A r\u00f3tula alongada n\u00e3o resolve o problema pois congestiona o tr\u00e1fego na ERS-130, dificultando ainda mais o tr\u00e2nsito\u201d, refor\u00e7ou Bruxel.<\/p>\n\n\n\n<p>Para melhorar a mobilidade urbana neste local, o secret\u00e1rio da Fazenda, Valdecir Crecencio sugeriu a constru\u00e7\u00e3o de uma elevada no trevo de acesso \u00e0 cidade, o que deixaria o fluxo mais \u00e1gil. Outra quest\u00e3o citada \u00e9 a busca por uma solu\u00e7\u00e3o entre os bairros Medianeira e S\u00e3o Jos\u00e9, onde est\u00e3o localizadas as empresas Bremil, Vale Log e Neugebauer e que tem grande fluxo de ve\u00edculos pesados. \u201cNossa sugest\u00e3o seria de um viaduto que passasse por cima da rodovia, facilitando o acesso para estas ind\u00fastrias e bairros\u201d.&nbsp;<\/p>\n\n\n\n<p>A administra\u00e7\u00e3o deixou claro ao secret\u00e1rio de Estado que, se necess\u00e1rio, est\u00e1 disposta a abrir m\u00e3o de outras obras na rodovia para ter estes dois projetos atendidos, pois as mudan\u00e7as s\u00e3o imprescind\u00edveis e cruciais no plano de obras da concess\u00e3o da rodovia.<\/p>\n","protected":false},"excerpt":{"rendered":"<p>O prefeito Danilo Bruxel acompanhado da vice Adriana Meneghini Lermen, do secret\u00e1rio de Administra\u00e7\u00e3o, Aurio Scherer e do secret\u00e1rio da Fazenda, Valdecir Crecencio participou na sexta-feira (4\/3), de uma audi\u00eancia virtual com o Secret\u00e1rio Extraordin\u00e1rio de Parcerias do Estado, Leonardo Busatto. Na ocasi\u00e3o a Administra\u00e7\u00e3o Municipal refor\u00e7ou a necessidade de mudan\u00e7a nas obras de concess\u00e3o [&hellip;]<\/p>\n","protected":false},"author":8,"featured_media":99907,"comment_status":"open","ping_status":"open","sticky":false,"template":"","format":"standard","meta":{"pmpro_default_level":"","_jetpack_memberships_contains_paid_content":false,"footnotes":""},"categories":[2,3],"tags":[140,8362,843,4799],"class_list":{"0":"post-99906","1":"post","2":"type-post","3":"status-publish","4":"format-standard","5":"has-post-thumbnail","7":"category-featured","8":"category-geral","9":"tag-arroio-do-meio","10":"tag-audiencia-virtual","11":"tag-ers-130","12":"tag-viaduto","13":"pmpro-has-access"},"yoast_head":"<!-- This site is optimized with the Yoast SEO plugin v27.5 - https:\/\/yoast.com\/product\/yoast-seo-wordpress\/ -->\n<title>Administra\u00e7\u00e3o de Arroio do Meio pede viaduto e elevada na ERS-130 - Folha Popular<\/title>\n<meta name=\"robots\" content=\"index, follow, max-snippet:-1, max-image-preview:large, max-video-preview:-1\" \/>\n<link rel=\"canonical\" href=\"https:\/\/folhapopular.info\/index.php\/2022\/03\/09\/administracao-de-arroio-do-meio-pede-viaduto-e-elevada-na-ers-130\/\" \/>\n<meta property=\"og:locale\" content=\"pt_BR\" \/>\n<meta property=\"og:type\" content=\"article\" \/>\n<meta property=\"og:title\" content=\"Administra\u00e7\u00e3o de Arroio do Meio pede viaduto e elevada na ERS-130 - Folha Popular\" \/>\n<meta property=\"og:description\" content=\"O prefeito Danilo Bruxel acompanhado da vice Adriana Meneghini Lermen, do secret\u00e1rio de Administra\u00e7\u00e3o, Aurio Scherer e do secret\u00e1rio da Fazenda, Valdecir Crecencio participou na sexta-feira (4\/3), de uma audi\u00eancia virtual com o Secret\u00e1rio Extraordin\u00e1rio de Parcerias do Estado, Leonardo Busatto. Na ocasi\u00e3o a Administra\u00e7\u00e3o Municipal refor\u00e7ou a necessidade de mudan\u00e7a nas obras de concess\u00e3o [&hellip;]\" \/>\n<meta property=\"og:url\" content=\"https:\/\/folhapopular.info\/index.php\/2022\/03\/09\/administracao-de-arroio-do-meio-pede-viaduto-e-elevada-na-ers-130\/\" \/>\n<meta property=\"og:site_name\" content=\"Folha Popular\" \/>\n<meta property=\"article:published_time\" content=\"2022-03-09T12:44:58+00:00\" \/>\n<meta property=\"article:modified_time\" content=\"2022-03-09T12:46:38+00:00\" \/>\n<meta property=\"og:image\" content=\"http:\/\/folhapopular.info\/wp-content\/uploads\/2022\/03\/IMG_8289-scaled-e1646829875688.jpg\" \/>\n\t<meta property=\"og:image:width\" content=\"800\" \/>\n\t<meta property=\"og:image:height\" content=\"533\" \/>\n\t<meta property=\"og:image:type\" content=\"image\/jpeg\" \/>\n<meta name=\"author\" content=\"Reda\u00e7\u00e3o Folha Popular\" \/>\n<meta name=\"twitter:card\" content=\"summary_large_image\" \/>\n<meta name=\"twitter:label1\" content=\"Escrito por\" \/>\n\t<meta name=\"twitter:data1\" content=\"Reda\u00e7\u00e3o Folha Popular\" \/>\n\t<meta name=\"twitter:label2\" content=\"Est. tempo de leitura\" \/>\n\t<meta name=\"twitter:data2\" content=\"2 minutos\" \/>\n<script type=\"application\/ld+json\" class=\"yoast-schema-graph\">{\"@context\":\"https:\\\/\\\/schema.org\",\"@graph\":[{\"@type\":\"Article\",\"@id\":\"https:\\\/\\\/folhapopular.info\\\/index.php\\\/2022\\\/03\\\/09\\\/administracao-de-arroio-do-meio-pede-viaduto-e-elevada-na-ers-130\\\/#article\",\"isPartOf\":{\"@id\":\"https:\\\/\\\/folhapopular.info\\\/index.php\\\/2022\\\/03\\\/09\\\/administracao-de-arroio-do-meio-pede-viaduto-e-elevada-na-ers-130\\\/\"},\"author\":{\"name\":\"Reda\u00e7\u00e3o Folha Popular\",\"@id\":\"https:\\\/\\\/folhapopular.info\\\/#\\\/schema\\\/person\\\/2814e8a0df7643585a9ca38bc6eb9d4b\"},\"headline\":\"Administra\u00e7\u00e3o de Arroio do Meio pede viaduto e elevada na ERS-130\",\"datePublished\":\"2022-03-09T12:44:58+00:00\",\"dateModified\":\"2022-03-09T12:46:38+00:00\",\"mainEntityOfPage\":{\"@id\":\"https:\\\/\\\/folhapopular.info\\\/index.php\\\/2022\\\/03\\\/09\\\/administracao-de-arroio-do-meio-pede-viaduto-e-elevada-na-ers-130\\\/\"},\"wordCount\":268,\"commentCount\":0,\"image\":{\"@id\":\"https:\\\/\\\/folhapopular.info\\\/index.php\\\/2022\\\/03\\\/09\\\/administracao-de-arroio-do-meio-pede-viaduto-e-elevada-na-ers-130\\\/#primaryimage\"},\"thumbnailUrl\":\"https:\\\/\\\/folhapopular.info\\\/wp-content\\\/uploads\\\/2022\\\/03\\\/IMG_8289-scaled-e1646829875688.jpg\",\"keywords\":[\"Arroio do Meio\",\"Audi\u00eancia virtual\",\"ERS-130\",\"Viaduto\"],\"articleSection\":[\"Destaques\",\"Geral\"],\"inLanguage\":\"pt-BR\",\"potentialAction\":[{\"@type\":\"CommentAction\",\"name\":\"Comment\",\"target\":[\"https:\\\/\\\/folhapopular.info\\\/index.php\\\/2022\\\/03\\\/09\\\/administracao-de-arroio-do-meio-pede-viaduto-e-elevada-na-ers-130\\\/#respond\"]}]},{\"@type\":\"WebPage\",\"@id\":\"https:\\\/\\\/folhapopular.info\\\/index.php\\\/2022\\\/03\\\/09\\\/administracao-de-arroio-do-meio-pede-viaduto-e-elevada-na-ers-130\\\/\",\"url\":\"https:\\\/\\\/folhapopular.info\\\/index.php\\\/2022\\\/03\\\/09\\\/administracao-de-arroio-do-meio-pede-viaduto-e-elevada-na-ers-130\\\/\",\"name\":\"Administra\u00e7\u00e3o de Arroio do Meio pede viaduto e elevada na ERS-130 - Folha Popular\",\"isPartOf\":{\"@id\":\"https:\\\/\\\/folhapopular.info\\\/#website\"},\"primaryImageOfPage\":{\"@id\":\"https:\\\/\\\/folhapopular.info\\\/index.php\\\/2022\\\/03\\\/09\\\/administracao-de-arroio-do-meio-pede-viaduto-e-elevada-na-ers-130\\\/#primaryimage\"},\"image\":{\"@id\":\"https:\\\/\\\/folhapopular.info\\\/index.php\\\/2022\\\/03\\\/09\\\/administracao-de-arroio-do-meio-pede-viaduto-e-elevada-na-ers-130\\\/#primaryimage\"},\"thumbnailUrl\":\"https:\\\/\\\/folhapopular.info\\\/wp-content\\\/uploads\\\/2022\\\/03\\\/IMG_8289-scaled-e1646829875688.jpg\",\"datePublished\":\"2022-03-09T12:44:58+00:00\",\"dateModified\":\"2022-03-09T12:46:38+00:00\",\"author\":{\"@id\":\"https:\\\/\\\/folhapopular.info\\\/#\\\/schema\\\/person\\\/2814e8a0df7643585a9ca38bc6eb9d4b\"},\"breadcrumb\":{\"@id\":\"https:\\\/\\\/folhapopular.info\\\/index.php\\\/2022\\\/03\\\/09\\\/administracao-de-arroio-do-meio-pede-viaduto-e-elevada-na-ers-130\\\/#breadcrumb\"},\"inLanguage\":\"pt-BR\",\"potentialAction\":[{\"@type\":\"ReadAction\",\"target\":[\"https:\\\/\\\/folhapopular.info\\\/index.php\\\/2022\\\/03\\\/09\\\/administracao-de-arroio-do-meio-pede-viaduto-e-elevada-na-ers-130\\\/\"]}]},{\"@type\":\"ImageObject\",\"inLanguage\":\"pt-BR\",\"@id\":\"https:\\\/\\\/folhapopular.info\\\/index.php\\\/2022\\\/03\\\/09\\\/administracao-de-arroio-do-meio-pede-viaduto-e-elevada-na-ers-130\\\/#primaryimage\",\"url\":\"https:\\\/\\\/folhapopular.info\\\/wp-content\\\/uploads\\\/2022\\\/03\\\/IMG_8289-scaled-e1646829875688.jpg\",\"contentUrl\":\"https:\\\/\\\/folhapopular.info\\\/wp-content\\\/uploads\\\/2022\\\/03\\\/IMG_8289-scaled-e1646829875688.jpg\",\"width\":800,\"height\":533,\"caption\":\"Cr\u00e9dito da foto: Daiane La\u00eds Kalsing \\\/ Divulga\u00e7\u00e3o\"},{\"@type\":\"BreadcrumbList\",\"@id\":\"https:\\\/\\\/folhapopular.info\\\/index.php\\\/2022\\\/03\\\/09\\\/administracao-de-arroio-do-meio-pede-viaduto-e-elevada-na-ers-130\\\/#breadcrumb\",\"itemListElement\":[{\"@type\":\"ListItem\",\"position\":1,\"name\":\"In\u00edcio\",\"item\":\"https:\\\/\\\/folhapopular.info\\\/\"},{\"@type\":\"ListItem\",\"position\":2,\"name\":\"Administra\u00e7\u00e3o de Arroio do Meio pede viaduto e elevada na ERS-130\"}]},{\"@type\":\"WebSite\",\"@id\":\"https:\\\/\\\/folhapopular.info\\\/#website\",\"url\":\"https:\\\/\\\/folhapopular.info\\\/\",\"name\":\"Folha Popular\",\"description\":\"Onde voc\u00ea tem vez e voz\",\"potentialAction\":[{\"@type\":\"SearchAction\",\"target\":{\"@type\":\"EntryPoint\",\"urlTemplate\":\"https:\\\/\\\/folhapopular.info\\\/?s={search_term_string}\"},\"query-input\":{\"@type\":\"PropertyValueSpecification\",\"valueRequired\":true,\"valueName\":\"search_term_string\"}}],\"inLanguage\":\"pt-BR\"},{\"@type\":\"Person\",\"@id\":\"https:\\\/\\\/folhapopular.info\\\/#\\\/schema\\\/person\\\/2814e8a0df7643585a9ca38bc6eb9d4b\",\"name\":\"Reda\u00e7\u00e3o Folha Popular\",\"image\":{\"@type\":\"ImageObject\",\"inLanguage\":\"pt-BR\",\"@id\":\"https:\\\/\\\/folhapopular.info\\\/wp-content\\\/uploads\\\/2026\\\/04\\\/Folha-1.webp\",\"url\":\"https:\\\/\\\/folhapopular.info\\\/wp-content\\\/uploads\\\/2026\\\/04\\\/Folha-1.webp\",\"contentUrl\":\"https:\\\/\\\/folhapopular.info\\\/wp-content\\\/uploads\\\/2026\\\/04\\\/Folha-1.webp\",\"caption\":\"Reda\u00e7\u00e3o Folha Popular\"},\"url\":\"https:\\\/\\\/folhapopular.info\\\/index.php\\\/author\\\/redacao\\\/\"}]}<\/script>\n<!-- \/ Yoast SEO plugin. -->","yoast_head_json":{"title":"Administra\u00e7\u00e3o de Arroio do Meio pede viaduto e elevada na ERS-130 - Folha Popular","robots":{"index":"index","follow":"follow","max-snippet":"max-snippet:-1","max-image-preview":"max-image-preview:large","max-video-preview":"max-video-preview:-1"},"canonical":"https:\/\/folhapopular.info\/index.php\/2022\/03\/09\/administracao-de-arroio-do-meio-pede-viaduto-e-elevada-na-ers-130\/","og_locale":"pt_BR","og_type":"article","og_title":"Administra\u00e7\u00e3o de Arroio do Meio pede viaduto e elevada na ERS-130 - Folha Popular","og_description":"O prefeito Danilo Bruxel acompanhado da vice Adriana Meneghini Lermen, do secret\u00e1rio de Administra\u00e7\u00e3o, Aurio Scherer e do secret\u00e1rio da Fazenda, Valdecir Crecencio participou na sexta-feira (4\/3), de uma audi\u00eancia virtual com o Secret\u00e1rio Extraordin\u00e1rio de Parcerias do Estado, Leonardo Busatto. Na ocasi\u00e3o a Administra\u00e7\u00e3o Municipal refor\u00e7ou a necessidade de mudan\u00e7a nas obras de concess\u00e3o [&hellip;]","og_url":"https:\/\/folhapopular.info\/index.php\/2022\/03\/09\/administracao-de-arroio-do-meio-pede-viaduto-e-elevada-na-ers-130\/","og_site_name":"Folha Popular","article_published_time":"2022-03-09T12:44:58+00:00","article_modified_time":"2022-03-09T12:46:38+00:00","og_image":[{"width":800,"height":533,"url":"http:\/\/folhapopular.info\/wp-content\/uploads\/2022\/03\/IMG_8289-scaled-e1646829875688.jpg","type":"image\/jpeg"}],"author":"Reda\u00e7\u00e3o Folha Popular","twitter_card":"summary_large_image","twitter_misc":{"Escrito por":"Reda\u00e7\u00e3o Folha Popular","Est. tempo de leitura":"2 minutos"},"schema":{"@context":"https:\/\/schema.org","@graph":[{"@type":"Article","@id":"https:\/\/folhapopular.info\/index.php\/2022\/03\/09\/administracao-de-arroio-do-meio-pede-viaduto-e-elevada-na-ers-130\/#article","isPartOf":{"@id":"https:\/\/folhapopular.info\/index.php\/2022\/03\/09\/administracao-de-arroio-do-meio-pede-viaduto-e-elevada-na-ers-130\/"},"author":{"name":"Reda\u00e7\u00e3o Folha Popular","@id":"https:\/\/folhapopular.info\/#\/schema\/person\/2814e8a0df7643585a9ca38bc6eb9d4b"},"headline":"Administra\u00e7\u00e3o de Arroio do Meio pede viaduto e elevada na ERS-130","datePublished":"2022-03-09T12:44:58+00:00","dateModified":"2022-03-09T12:46:38+00:00","mainEntityOfPage":{"@id":"https:\/\/folhapopular.info\/index.php\/2022\/03\/09\/administracao-de-arroio-do-meio-pede-viaduto-e-elevada-na-ers-130\/"},"wordCount":268,"commentCount":0,"image":{"@id":"https:\/\/folhapopular.info\/index.php\/2022\/03\/09\/administracao-de-arroio-do-meio-pede-viaduto-e-elevada-na-ers-130\/#primaryimage"},"thumbnailUrl":"https:\/\/folhapopular.info\/wp-content\/uploads\/2022\/03\/IMG_8289-scaled-e1646829875688.jpg","keywords":["Arroio do Meio","Audi\u00eancia virtual","ERS-130","Viaduto"],"articleSection":["Destaques","Geral"],"inLanguage":"pt-BR","potentialAction":[{"@type":"CommentAction","name":"Comment","target":["https:\/\/folhapopular.info\/index.php\/2022\/03\/09\/administracao-de-arroio-do-meio-pede-viaduto-e-elevada-na-ers-130\/#respond"]}]},{"@type":"WebPage","@id":"https:\/\/folhapopular.info\/index.php\/2022\/03\/09\/administracao-de-arroio-do-meio-pede-viaduto-e-elevada-na-ers-130\/","url":"https:\/\/folhapopular.info\/index.php\/2022\/03\/09\/administracao-de-arroio-do-meio-pede-viaduto-e-elevada-na-ers-130\/","name":"Administra\u00e7\u00e3o de Arroio do Meio pede viaduto e elevada na ERS-130 - Folha Popular","isPartOf":{"@id":"https:\/\/folhapopular.info\/#website"},"primaryImageOfPage":{"@id":"https:\/\/folhapopular.info\/index.php\/2022\/03\/09\/administracao-de-arroio-do-meio-pede-viaduto-e-elevada-na-ers-130\/#primaryimage"},"image":{"@id":"https:\/\/folhapopular.info\/index.php\/2022\/03\/09\/administracao-de-arroio-do-meio-pede-viaduto-e-elevada-na-ers-130\/#primaryimage"},"thumbnailUrl":"https:\/\/folhapopular.info\/wp-content\/uploads\/2022\/03\/IMG_8289-scaled-e1646829875688.jpg","datePublished":"2022-03-09T12:44:58+00:00","dateModified":"2022-03-09T12:46:38+00:00","author":{"@id":"https:\/\/folhapopular.info\/#\/schema\/person\/2814e8a0df7643585a9ca38bc6eb9d4b"},"breadcrumb":{"@id":"https:\/\/folhapopular.info\/index.php\/2022\/03\/09\/administracao-de-arroio-do-meio-pede-viaduto-e-elevada-na-ers-130\/#breadcrumb"},"inLanguage":"pt-BR","potentialAction":[{"@type":"ReadAction","target":["https:\/\/folhapopular.info\/index.php\/2022\/03\/09\/administracao-de-arroio-do-meio-pede-viaduto-e-elevada-na-ers-130\/"]}]},{"@type":"ImageObject","inLanguage":"pt-BR","@id":"https:\/\/folhapopular.info\/index.php\/2022\/03\/09\/administracao-de-arroio-do-meio-pede-viaduto-e-elevada-na-ers-130\/#primaryimage","url":"https:\/\/folhapopular.info\/wp-content\/uploads\/2022\/03\/IMG_8289-scaled-e1646829875688.jpg","contentUrl":"https:\/\/folhapopular.info\/wp-content\/uploads\/2022\/03\/IMG_8289-scaled-e1646829875688.jpg","width":800,"height":533,"caption":"Cr\u00e9dito da foto: Daiane La\u00eds Kalsing \/ Divulga\u00e7\u00e3o"},{"@type":"BreadcrumbList","@id":"https:\/\/folhapopular.info\/index.php\/2022\/03\/09\/administracao-de-arroio-do-meio-pede-viaduto-e-elevada-na-ers-130\/#breadcrumb","itemListElement":[{"@type":"ListItem","position":1,"name":"In\u00edcio","item":"https:\/\/folhapopular.info\/"},{"@type":"ListItem","position":2,"name":"Administra\u00e7\u00e3o de Arroio do Meio pede viaduto e elevada na ERS-130"}]},{"@type":"WebSite","@id":"https:\/\/folhapopular.info\/#website","url":"https:\/\/folhapopular.info\/","name":"Folha Popular","description":"Onde voc\u00ea tem vez e voz","potentialAction":[{"@type":"SearchAction","target":{"@type":"EntryPoint","urlTemplate":"https:\/\/folhapopular.info\/?s={search_term_string}"},"query-input":{"@type":"PropertyValueSpecification","valueRequired":true,"valueName":"search_term_string"}}],"inLanguage":"pt-BR"},{"@type":"Person","@id":"https:\/\/folhapopular.info\/#\/schema\/person\/2814e8a0df7643585a9ca38bc6eb9d4b","name":"Reda\u00e7\u00e3o Folha Popular","image":{"@type":"ImageObject","inLanguage":"pt-BR","@id":"https:\/\/folhapopular.info\/wp-content\/uploads\/2026\/04\/Folha-1.webp","url":"https:\/\/folhapopular.info\/wp-content\/uploads\/2026\/04\/Folha-1.webp","contentUrl":"https:\/\/folhapopular.info\/wp-content\/uploads\/2026\/04\/Folha-1.webp","caption":"Reda\u00e7\u00e3o Folha Popular"},"url":"https:\/\/folhapopular.info\/index.php\/author\/redacao\/"}]}},"jetpack_featured_media_url":"https:\/\/folhapopular.info\/wp-content\/uploads\/2022\/03\/IMG_8289-scaled-e1646829875688.jpg","jetpack_sharing_enabled":true,"amp_enabled":true,"_links":{"self":[{"href":"https:\/\/folhapopular.info\/index.php\/wp-json\/wp\/v2\/posts\/99906","targetHints":{"allow":["GET"]}}],"collection":[{"href":"https:\/\/folhapopular.info\/index.php\/wp-json\/wp\/v2\/posts"}],"about":[{"href":"https:\/\/folhapopular.info\/index.php\/wp-json\/wp\/v2\/types\/post"}],"author":[{"embeddable":true,"href":"https:\/\/folhapopular.info\/index.php\/wp-json\/wp\/v2\/users\/8"}],"replies":[{"embeddable":true,"href":"https:\/\/folhapopular.info\/index.php\/wp-json\/wp\/v2\/comments?post=99906"}],"version-history":[{"count":0,"href":"https:\/\/folhapopular.info\/index.php\/wp-json\/wp\/v2\/posts\/99906\/revisions"}],"wp:featuredmedia":[{"embeddable":true,"href":"https:\/\/folhapopular.info\/index.php\/wp-json\/wp\/v2\/media\/99907"}],"wp:attachment":[{"href":"https:\/\/folhapopular.info\/index.php\/wp-json\/wp\/v2\/media?parent=99906"}],"wp:term":[{"taxonomy":"category","embeddable":true,"href":"https:\/\/folhapopular.info\/index.php\/wp-json\/wp\/v2\/categories?post=99906"},{"taxonomy":"post_tag","embeddable":true,"href":"https:\/\/folhapopular.info\/index.php\/wp-json\/wp\/v2\/tags?post=99906"}],"curies":[{"name":"wp","href":"https:\/\/api.w.org\/{rel}","templated":true}]}}