{"id":99911,"date":"2022-03-09T10:31:35","date_gmt":"2022-03-09T13:31:35","guid":{"rendered":"https:\/\/folhapopular.info\/?p=99911"},"modified":"2022-03-09T10:31:37","modified_gmt":"2022-03-09T13:31:37","slug":"estudantes-da-univates-realizam-projetos-de-empreendedorismo-social","status":"publish","type":"post","link":"https:\/\/folhapopular.info\/index.php\/2022\/03\/09\/estudantes-da-univates-realizam-projetos-de-empreendedorismo-social\/","title":{"rendered":"Estudantes da Univates realizam projetos de empreendedorismo social"},"content":{"rendered":"\n<p>O empreendedorismo pode ser resumido, conforme a ampla literatura acad\u00eamica da \u00e1rea, como mais do que pensar em um neg\u00f3cio pr\u00f3prio. \u00c9 a capacidade que o indiv\u00edduo tem de identificar os problemas, transformar as dificuldades em oportunidades, desenvolver solu\u00e7\u00f5es, procurar recursos e impactar positivamente a sociedade. \u00c9 nesse cen\u00e1rio que surge tamb\u00e9m o conceito de empreendedorismo social, corrente te\u00f3rica que fundamentou projetos sociais desenvolvidos nos cursos t\u00e9cnicos em Alimentos, Qu\u00edmica, Design de Interiores e Seguran\u00e7a do Trabalho da <a href=\"http:\/\/www.univates.br\/\" target=\"_blank\" rel=\"noreferrer noopener\">Universidade do Vale do Taquari &#8211; Univates<\/a> ao longo do semestre 2021B.<\/p>\n\n\n\n<p>Ao todo, 42 estudantes estiveram reunidos em 13 grupos, que propuseram a\u00e7\u00f5es de empreendedorismo social e executaram todos os projetos, alguns em sala de aula e outros nas comunidades locais dos estudantes. \u201cOs trabalhos foram excelentes\u201d, destaca a coordenadora do curso t\u00e9cnico em Administra\u00e7\u00e3o, professora Denise Zen. \u201cEmpreendedorismo social \u00e9 fazer a diferen\u00e7a na vida das pessoas, com custo zero e assim, contribuir para evolu\u00e7\u00e3o e um mundo melhor para se viver\u201d.&nbsp;<\/p>\n\n\n\n<p><strong>Treinamentos em seguran\u00e7a<\/strong><\/p>\n\n\n\n<p>Dentre os trabalhos apresentados est\u00e1 o do grupo composto por Maria Fernanda Flores Andrade, Josiane Schwengber e P\u00e2mela Santoni. O trio \u00e9 estudante do curso T\u00e9cnico em Seguran\u00e7a do Trabalho, P\u00e2mela, estudante do final do curso, explica a iniciativa que ela e as colegas desenvolveram. \u201cNosso grupo \u2018criou\u2019 uma empresa de treinamentos de seguran\u00e7a, j\u00e1 que era nossa \u00e1rea, e depois aplicamos um treinamento que hav\u00edamos planejado durante o projeto\u201d, detalha a estudante. \u201cDebatemos muitas vezes para chegar aos acordos necess\u00e1rios entre n\u00f3s. Como organizamos o projeto pensando na nossa \u00e1rea, foi mais f\u00e1cil, pois sab\u00edamos o que pod\u00edamos usar como elementos e como ir\u00edamos aplicar os conhecimentos de seguran\u00e7a no trabalho \u00e0 \u00e1rea do empreendedorismo\u201d. Ao final da experi\u00eancia, ficou claro como o conceito de empreendedorismo \u00e9 amplo.&nbsp;<\/p>\n\n\n\n<p><strong>Brech\u00f3<\/strong><\/p>\n\n\n\n<p>A estudante Carolina Lenz Machado, de Ven\u00e2ncio Aires, matriculada no curso de <em>Design<\/em> de Interiores, esteve reunida com as colegas Ana Julia Kunz, Ana Paula Becker, Bruna Let\u00edcia de Souza Nicolay e C\u00e2ndida Goergen. O projeto do grupo foi pensado para gerar arrecada\u00e7\u00e3o de alimentos, roupas e rem\u00e9dios com o objetivo de ajudar abrigos de c\u00e3es e gatos. O material arrecadado foi posteriormente doado para abrigos, institui\u00e7\u00f5es que, na maioria das vezes, n\u00e3o conseguem arcar com todos os custos das suas atividades. Para a estudante, o maior destaque do trabalho foi perceber o empenho dos envolvidos para fazer a ideia acontecer. \u201cE ver que deu certo e trouxe resultados positivos\u201d, complementa.&nbsp;<\/p>\n\n\n\n<p><strong>365 violetas<\/strong><\/p>\n\n\n\n<p>Cilene de Brito Vaz, Cristiano Lima Paz, Dizieli B. S. Koehler, Gustavo Henrique<\/p>\n\n\n\n<p>Feil e Mat\u00edas Andr\u00e9s Rodr\u00edguez Weber compuseram outro grupo, o idealizador da iniciativa \u201c365 violetas\u201d, que tem como objetivo conscientizar a popula\u00e7\u00e3o sobre o c\u00e2ncer de pr\u00f3stata e o de mama. Cilene \u00e9 de Fazenda Vilanova e cursa o T\u00e9cnico em Qu\u00edmica. \u201cPensamos em um projeto simples, de baixo custo, com o objetivo principal de levar informa\u00e7\u00e3o a toda a popula\u00e7\u00e3o sobre o risco do c\u00e2ncer de mama e do c\u00e2ncer de pr\u00f3stata e a import\u00e2ncia do diagn\u00f3stico precoce. Temos o intuito de estender o projeto durante o ano todo, por isso o nome \u2018365 violetas\u2019. Criamos um cronograma bem diversificado e com a\u00e7\u00f5es que sejam poss\u00edveis de introduzir em nossa comunidade\u201d, observa a estudante. Cilene detalha que j\u00e1 existe uma iniciativa similar, mas o grupo adaptou a ideia de forma a torn\u00e1-la mais abrangente. \u201cComo se trata de um projeto sobre o c\u00e2ncer de mama e o de pr\u00f3stata, tenho certeza de que nosso projeto leva um pouco de esperan\u00e7a e alegria ao p\u00fablico-alvo.&nbsp;<\/p>\n\n\n\n<p><strong>Inscri\u00e7\u00f5es abertas<\/strong><br><br>A Univates est\u00e1 com inscri\u00e7\u00f5es abertas para 26 cursos t\u00e9cnicos. Para esses cursos, n\u00e3o \u00e9 necess\u00e1rio realizar vestibular. As <a href=\"https:\/\/www.univates.br\/tecnicos\/inscricao?orig=tecnoti2022A&amp;utm_source=noticias_site&amp;utm_medium=noticia&amp;utm_campaign=Tecnicos-2022A\" target=\"_blank\" rel=\"noreferrer noopener\">inscri\u00e7\u00f5es<\/a> podem ser feitas pelo site <a href=\"https:\/\/www.univates.br\/tecnicos?orig=tecnoti2021A&amp;utm_source=noticias_site&amp;utm_medium=noticia&amp;utm_campaign=Tecnicos-2021A\" target=\"_blank\" rel=\"noreferrer noopener\">www.univates.br\/tecnicos<\/a> ou pelo <a href=\"http:\/\/wa.me\/555137147000\" target=\"_blank\" rel=\"noreferrer noopener\">WhatsApp (51) 3714-7000<\/a>. Para ingressar nos cursos t\u00e9cnicos n\u00e3o \u00e9 necess\u00e1rio ter conclu\u00eddo o Ensino M\u00e9dio (a n\u00e3o ser o T\u00e9cnico em Radiologia, que exige Ensino M\u00e9dio conclu\u00eddo e idade m\u00ednima de 18 anos), mas para receber o diploma de t\u00e9cnico o estudante dever\u00e1 ter conclu\u00eddo o Ensino M\u00e9dio.<\/p>\n\n\n\n<p><strong><em>Fique por dentro de tudo o que acontece na Univates. Clique nos <\/em><\/strong><strong>links<\/strong><strong><em> a seguir e receba diariamente as not\u00edcias diretamente no seu<\/em><\/strong><a href=\"https:\/\/bit.ly\/32xj17j\" target=\"_blank\" rel=\"noreferrer noopener\"><strong><em> <\/em><\/strong><strong>WhatsApp<\/strong><\/a><strong><em> ou no<\/em><\/strong><a href=\"https:\/\/bit.ly\/3HBAfzt\" target=\"_blank\" rel=\"noreferrer noopener\"><strong><em> <\/em><\/strong><strong>Telegram<\/strong><\/a><strong><em>.&nbsp;<\/em><\/strong><\/p>\n","protected":false},"excerpt":{"rendered":"<p>O empreendedorismo pode ser resumido, conforme a ampla literatura acad\u00eamica da \u00e1rea, como mais do que pensar em um neg\u00f3cio pr\u00f3prio. \u00c9 a capacidade que o indiv\u00edduo tem de identificar os problemas, transformar as dificuldades em oportunidades, desenvolver solu\u00e7\u00f5es, procurar recursos e impactar positivamente a sociedade. \u00c9 nesse cen\u00e1rio que surge tamb\u00e9m o conceito de [&hellip;]<\/p>\n","protected":false},"author":8,"featured_media":99912,"comment_status":"open","ping_status":"open","sticky":false,"template":"","format":"standard","meta":{"pmpro_default_level":"","_jetpack_memberships_contains_paid_content":false,"footnotes":""},"categories":[2,3],"tags":[620,8363,27,6250,83],"class_list":{"0":"post-99911","1":"post","2":"type-post","3":"status-publish","4":"format-standard","5":"has-post-thumbnail","7":"category-featured","8":"category-geral","9":"tag-cursos-tecnicos","10":"tag-empreendedorismo-social","11":"tag-lajeado","12":"tag-projetos","13":"tag-univates","14":"pmpro-has-access"},"yoast_head":"<!-- This site is optimized with the Yoast SEO plugin v27.5 - https:\/\/yoast.com\/product\/yoast-seo-wordpress\/ -->\n<title>Estudantes da Univates realizam projetos de empreendedorismo social - Folha Popular<\/title>\n<meta name=\"robots\" content=\"index, follow, max-snippet:-1, max-image-preview:large, max-video-preview:-1\" \/>\n<link rel=\"canonical\" href=\"https:\/\/folhapopular.info\/index.php\/2022\/03\/09\/estudantes-da-univates-realizam-projetos-de-empreendedorismo-social\/\" \/>\n<meta property=\"og:locale\" content=\"pt_BR\" \/>\n<meta property=\"og:type\" content=\"article\" \/>\n<meta property=\"og:title\" content=\"Estudantes da Univates realizam projetos de empreendedorismo social - Folha Popular\" \/>\n<meta property=\"og:description\" content=\"O empreendedorismo pode ser resumido, conforme a ampla literatura acad\u00eamica da \u00e1rea, como mais do que pensar em um neg\u00f3cio pr\u00f3prio. \u00c9 a capacidade que o indiv\u00edduo tem de identificar os problemas, transformar as dificuldades em oportunidades, desenvolver solu\u00e7\u00f5es, procurar recursos e impactar positivamente a sociedade. \u00c9 nesse cen\u00e1rio que surge tamb\u00e9m o conceito de [&hellip;]\" \/>\n<meta property=\"og:url\" content=\"https:\/\/folhapopular.info\/index.php\/2022\/03\/09\/estudantes-da-univates-realizam-projetos-de-empreendedorismo-social\/\" \/>\n<meta property=\"og:site_name\" content=\"Folha Popular\" \/>\n<meta property=\"article:published_time\" content=\"2022-03-09T13:31:35+00:00\" \/>\n<meta property=\"article:modified_time\" content=\"2022-03-09T13:31:37+00:00\" \/>\n<meta property=\"og:image\" content=\"http:\/\/folhapopular.info\/wp-content\/uploads\/2022\/03\/Ilustrativa-Mimi-Thian-Unsplash-e1646832527278.jpg\" \/>\n\t<meta property=\"og:image:width\" content=\"800\" \/>\n\t<meta property=\"og:image:height\" content=\"534\" \/>\n\t<meta property=\"og:image:type\" content=\"image\/jpeg\" \/>\n<meta name=\"author\" content=\"Reda\u00e7\u00e3o Folha Popular\" \/>\n<meta name=\"twitter:card\" content=\"summary_large_image\" \/>\n<meta name=\"twitter:label1\" content=\"Escrito por\" \/>\n\t<meta name=\"twitter:data1\" content=\"Reda\u00e7\u00e3o Folha Popular\" \/>\n\t<meta name=\"twitter:label2\" content=\"Est. tempo de leitura\" \/>\n\t<meta name=\"twitter:data2\" content=\"4 minutos\" \/>\n<script type=\"application\/ld+json\" class=\"yoast-schema-graph\">{\"@context\":\"https:\\\/\\\/schema.org\",\"@graph\":[{\"@type\":\"Article\",\"@id\":\"https:\\\/\\\/folhapopular.info\\\/index.php\\\/2022\\\/03\\\/09\\\/estudantes-da-univates-realizam-projetos-de-empreendedorismo-social\\\/#article\",\"isPartOf\":{\"@id\":\"https:\\\/\\\/folhapopular.info\\\/index.php\\\/2022\\\/03\\\/09\\\/estudantes-da-univates-realizam-projetos-de-empreendedorismo-social\\\/\"},\"author\":{\"name\":\"Reda\u00e7\u00e3o Folha Popular\",\"@id\":\"https:\\\/\\\/folhapopular.info\\\/#\\\/schema\\\/person\\\/2814e8a0df7643585a9ca38bc6eb9d4b\"},\"headline\":\"Estudantes da Univates realizam projetos de empreendedorismo social\",\"datePublished\":\"2022-03-09T13:31:35+00:00\",\"dateModified\":\"2022-03-09T13:31:37+00:00\",\"mainEntityOfPage\":{\"@id\":\"https:\\\/\\\/folhapopular.info\\\/index.php\\\/2022\\\/03\\\/09\\\/estudantes-da-univates-realizam-projetos-de-empreendedorismo-social\\\/\"},\"wordCount\":772,\"commentCount\":0,\"image\":{\"@id\":\"https:\\\/\\\/folhapopular.info\\\/index.php\\\/2022\\\/03\\\/09\\\/estudantes-da-univates-realizam-projetos-de-empreendedorismo-social\\\/#primaryimage\"},\"thumbnailUrl\":\"https:\\\/\\\/folhapopular.info\\\/wp-content\\\/uploads\\\/2022\\\/03\\\/Ilustrativa-Mimi-Thian-Unsplash-e1646832527278.jpg\",\"keywords\":[\"Cursos T\u00e9cnicos\",\"empreendedorismo social\",\"Lajeado\",\"Projetos\",\"Univates\"],\"articleSection\":[\"Destaques\",\"Geral\"],\"inLanguage\":\"pt-BR\",\"potentialAction\":[{\"@type\":\"CommentAction\",\"name\":\"Comment\",\"target\":[\"https:\\\/\\\/folhapopular.info\\\/index.php\\\/2022\\\/03\\\/09\\\/estudantes-da-univates-realizam-projetos-de-empreendedorismo-social\\\/#respond\"]}]},{\"@type\":\"WebPage\",\"@id\":\"https:\\\/\\\/folhapopular.info\\\/index.php\\\/2022\\\/03\\\/09\\\/estudantes-da-univates-realizam-projetos-de-empreendedorismo-social\\\/\",\"url\":\"https:\\\/\\\/folhapopular.info\\\/index.php\\\/2022\\\/03\\\/09\\\/estudantes-da-univates-realizam-projetos-de-empreendedorismo-social\\\/\",\"name\":\"Estudantes da Univates realizam projetos de empreendedorismo social - Folha Popular\",\"isPartOf\":{\"@id\":\"https:\\\/\\\/folhapopular.info\\\/#website\"},\"primaryImageOfPage\":{\"@id\":\"https:\\\/\\\/folhapopular.info\\\/index.php\\\/2022\\\/03\\\/09\\\/estudantes-da-univates-realizam-projetos-de-empreendedorismo-social\\\/#primaryimage\"},\"image\":{\"@id\":\"https:\\\/\\\/folhapopular.info\\\/index.php\\\/2022\\\/03\\\/09\\\/estudantes-da-univates-realizam-projetos-de-empreendedorismo-social\\\/#primaryimage\"},\"thumbnailUrl\":\"https:\\\/\\\/folhapopular.info\\\/wp-content\\\/uploads\\\/2022\\\/03\\\/Ilustrativa-Mimi-Thian-Unsplash-e1646832527278.jpg\",\"datePublished\":\"2022-03-09T13:31:35+00:00\",\"dateModified\":\"2022-03-09T13:31:37+00:00\",\"author\":{\"@id\":\"https:\\\/\\\/folhapopular.info\\\/#\\\/schema\\\/person\\\/2814e8a0df7643585a9ca38bc6eb9d4b\"},\"breadcrumb\":{\"@id\":\"https:\\\/\\\/folhapopular.info\\\/index.php\\\/2022\\\/03\\\/09\\\/estudantes-da-univates-realizam-projetos-de-empreendedorismo-social\\\/#breadcrumb\"},\"inLanguage\":\"pt-BR\",\"potentialAction\":[{\"@type\":\"ReadAction\",\"target\":[\"https:\\\/\\\/folhapopular.info\\\/index.php\\\/2022\\\/03\\\/09\\\/estudantes-da-univates-realizam-projetos-de-empreendedorismo-social\\\/\"]}]},{\"@type\":\"ImageObject\",\"inLanguage\":\"pt-BR\",\"@id\":\"https:\\\/\\\/folhapopular.info\\\/index.php\\\/2022\\\/03\\\/09\\\/estudantes-da-univates-realizam-projetos-de-empreendedorismo-social\\\/#primaryimage\",\"url\":\"https:\\\/\\\/folhapopular.info\\\/wp-content\\\/uploads\\\/2022\\\/03\\\/Ilustrativa-Mimi-Thian-Unsplash-e1646832527278.jpg\",\"contentUrl\":\"https:\\\/\\\/folhapopular.info\\\/wp-content\\\/uploads\\\/2022\\\/03\\\/Ilustrativa-Mimi-Thian-Unsplash-e1646832527278.jpg\",\"width\":800,\"height\":534,\"caption\":\"Cr\u00e9dito da foto: Divulga\u00e7\u00e3o\"},{\"@type\":\"BreadcrumbList\",\"@id\":\"https:\\\/\\\/folhapopular.info\\\/index.php\\\/2022\\\/03\\\/09\\\/estudantes-da-univates-realizam-projetos-de-empreendedorismo-social\\\/#breadcrumb\",\"itemListElement\":[{\"@type\":\"ListItem\",\"position\":1,\"name\":\"In\u00edcio\",\"item\":\"https:\\\/\\\/folhapopular.info\\\/\"},{\"@type\":\"ListItem\",\"position\":2,\"name\":\"Estudantes da Univates realizam projetos de empreendedorismo social\"}]},{\"@type\":\"WebSite\",\"@id\":\"https:\\\/\\\/folhapopular.info\\\/#website\",\"url\":\"https:\\\/\\\/folhapopular.info\\\/\",\"name\":\"Folha Popular\",\"description\":\"Onde voc\u00ea tem vez e voz\",\"potentialAction\":[{\"@type\":\"SearchAction\",\"target\":{\"@type\":\"EntryPoint\",\"urlTemplate\":\"https:\\\/\\\/folhapopular.info\\\/?s={search_term_string}\"},\"query-input\":{\"@type\":\"PropertyValueSpecification\",\"valueRequired\":true,\"valueName\":\"search_term_string\"}}],\"inLanguage\":\"pt-BR\"},{\"@type\":\"Person\",\"@id\":\"https:\\\/\\\/folhapopular.info\\\/#\\\/schema\\\/person\\\/2814e8a0df7643585a9ca38bc6eb9d4b\",\"name\":\"Reda\u00e7\u00e3o Folha Popular\",\"image\":{\"@type\":\"ImageObject\",\"inLanguage\":\"pt-BR\",\"@id\":\"https:\\\/\\\/folhapopular.info\\\/wp-content\\\/uploads\\\/2026\\\/04\\\/Folha-1.webp\",\"url\":\"https:\\\/\\\/folhapopular.info\\\/wp-content\\\/uploads\\\/2026\\\/04\\\/Folha-1.webp\",\"contentUrl\":\"https:\\\/\\\/folhapopular.info\\\/wp-content\\\/uploads\\\/2026\\\/04\\\/Folha-1.webp\",\"caption\":\"Reda\u00e7\u00e3o Folha Popular\"},\"url\":\"https:\\\/\\\/folhapopular.info\\\/index.php\\\/author\\\/redacao\\\/\"}]}<\/script>\n<!-- \/ Yoast SEO plugin. -->","yoast_head_json":{"title":"Estudantes da Univates realizam projetos de empreendedorismo social - Folha Popular","robots":{"index":"index","follow":"follow","max-snippet":"max-snippet:-1","max-image-preview":"max-image-preview:large","max-video-preview":"max-video-preview:-1"},"canonical":"https:\/\/folhapopular.info\/index.php\/2022\/03\/09\/estudantes-da-univates-realizam-projetos-de-empreendedorismo-social\/","og_locale":"pt_BR","og_type":"article","og_title":"Estudantes da Univates realizam projetos de empreendedorismo social - Folha Popular","og_description":"O empreendedorismo pode ser resumido, conforme a ampla literatura acad\u00eamica da \u00e1rea, como mais do que pensar em um neg\u00f3cio pr\u00f3prio. \u00c9 a capacidade que o indiv\u00edduo tem de identificar os problemas, transformar as dificuldades em oportunidades, desenvolver solu\u00e7\u00f5es, procurar recursos e impactar positivamente a sociedade. \u00c9 nesse cen\u00e1rio que surge tamb\u00e9m o conceito de [&hellip;]","og_url":"https:\/\/folhapopular.info\/index.php\/2022\/03\/09\/estudantes-da-univates-realizam-projetos-de-empreendedorismo-social\/","og_site_name":"Folha Popular","article_published_time":"2022-03-09T13:31:35+00:00","article_modified_time":"2022-03-09T13:31:37+00:00","og_image":[{"width":800,"height":534,"url":"http:\/\/folhapopular.info\/wp-content\/uploads\/2022\/03\/Ilustrativa-Mimi-Thian-Unsplash-e1646832527278.jpg","type":"image\/jpeg"}],"author":"Reda\u00e7\u00e3o Folha Popular","twitter_card":"summary_large_image","twitter_misc":{"Escrito por":"Reda\u00e7\u00e3o Folha Popular","Est. tempo de leitura":"4 minutos"},"schema":{"@context":"https:\/\/schema.org","@graph":[{"@type":"Article","@id":"https:\/\/folhapopular.info\/index.php\/2022\/03\/09\/estudantes-da-univates-realizam-projetos-de-empreendedorismo-social\/#article","isPartOf":{"@id":"https:\/\/folhapopular.info\/index.php\/2022\/03\/09\/estudantes-da-univates-realizam-projetos-de-empreendedorismo-social\/"},"author":{"name":"Reda\u00e7\u00e3o Folha Popular","@id":"https:\/\/folhapopular.info\/#\/schema\/person\/2814e8a0df7643585a9ca38bc6eb9d4b"},"headline":"Estudantes da Univates realizam projetos de empreendedorismo social","datePublished":"2022-03-09T13:31:35+00:00","dateModified":"2022-03-09T13:31:37+00:00","mainEntityOfPage":{"@id":"https:\/\/folhapopular.info\/index.php\/2022\/03\/09\/estudantes-da-univates-realizam-projetos-de-empreendedorismo-social\/"},"wordCount":772,"commentCount":0,"image":{"@id":"https:\/\/folhapopular.info\/index.php\/2022\/03\/09\/estudantes-da-univates-realizam-projetos-de-empreendedorismo-social\/#primaryimage"},"thumbnailUrl":"https:\/\/folhapopular.info\/wp-content\/uploads\/2022\/03\/Ilustrativa-Mimi-Thian-Unsplash-e1646832527278.jpg","keywords":["Cursos T\u00e9cnicos","empreendedorismo social","Lajeado","Projetos","Univates"],"articleSection":["Destaques","Geral"],"inLanguage":"pt-BR","potentialAction":[{"@type":"CommentAction","name":"Comment","target":["https:\/\/folhapopular.info\/index.php\/2022\/03\/09\/estudantes-da-univates-realizam-projetos-de-empreendedorismo-social\/#respond"]}]},{"@type":"WebPage","@id":"https:\/\/folhapopular.info\/index.php\/2022\/03\/09\/estudantes-da-univates-realizam-projetos-de-empreendedorismo-social\/","url":"https:\/\/folhapopular.info\/index.php\/2022\/03\/09\/estudantes-da-univates-realizam-projetos-de-empreendedorismo-social\/","name":"Estudantes da Univates realizam projetos de empreendedorismo social - Folha Popular","isPartOf":{"@id":"https:\/\/folhapopular.info\/#website"},"primaryImageOfPage":{"@id":"https:\/\/folhapopular.info\/index.php\/2022\/03\/09\/estudantes-da-univates-realizam-projetos-de-empreendedorismo-social\/#primaryimage"},"image":{"@id":"https:\/\/folhapopular.info\/index.php\/2022\/03\/09\/estudantes-da-univates-realizam-projetos-de-empreendedorismo-social\/#primaryimage"},"thumbnailUrl":"https:\/\/folhapopular.info\/wp-content\/uploads\/2022\/03\/Ilustrativa-Mimi-Thian-Unsplash-e1646832527278.jpg","datePublished":"2022-03-09T13:31:35+00:00","dateModified":"2022-03-09T13:31:37+00:00","author":{"@id":"https:\/\/folhapopular.info\/#\/schema\/person\/2814e8a0df7643585a9ca38bc6eb9d4b"},"breadcrumb":{"@id":"https:\/\/folhapopular.info\/index.php\/2022\/03\/09\/estudantes-da-univates-realizam-projetos-de-empreendedorismo-social\/#breadcrumb"},"inLanguage":"pt-BR","potentialAction":[{"@type":"ReadAction","target":["https:\/\/folhapopular.info\/index.php\/2022\/03\/09\/estudantes-da-univates-realizam-projetos-de-empreendedorismo-social\/"]}]},{"@type":"ImageObject","inLanguage":"pt-BR","@id":"https:\/\/folhapopular.info\/index.php\/2022\/03\/09\/estudantes-da-univates-realizam-projetos-de-empreendedorismo-social\/#primaryimage","url":"https:\/\/folhapopular.info\/wp-content\/uploads\/2022\/03\/Ilustrativa-Mimi-Thian-Unsplash-e1646832527278.jpg","contentUrl":"https:\/\/folhapopular.info\/wp-content\/uploads\/2022\/03\/Ilustrativa-Mimi-Thian-Unsplash-e1646832527278.jpg","width":800,"height":534,"caption":"Cr\u00e9dito da foto: Divulga\u00e7\u00e3o"},{"@type":"BreadcrumbList","@id":"https:\/\/folhapopular.info\/index.php\/2022\/03\/09\/estudantes-da-univates-realizam-projetos-de-empreendedorismo-social\/#breadcrumb","itemListElement":[{"@type":"ListItem","position":1,"name":"In\u00edcio","item":"https:\/\/folhapopular.info\/"},{"@type":"ListItem","position":2,"name":"Estudantes da Univates realizam projetos de empreendedorismo social"}]},{"@type":"WebSite","@id":"https:\/\/folhapopular.info\/#website","url":"https:\/\/folhapopular.info\/","name":"Folha Popular","description":"Onde voc\u00ea tem vez e voz","potentialAction":[{"@type":"SearchAction","target":{"@type":"EntryPoint","urlTemplate":"https:\/\/folhapopular.info\/?s={search_term_string}"},"query-input":{"@type":"PropertyValueSpecification","valueRequired":true,"valueName":"search_term_string"}}],"inLanguage":"pt-BR"},{"@type":"Person","@id":"https:\/\/folhapopular.info\/#\/schema\/person\/2814e8a0df7643585a9ca38bc6eb9d4b","name":"Reda\u00e7\u00e3o Folha Popular","image":{"@type":"ImageObject","inLanguage":"pt-BR","@id":"https:\/\/folhapopular.info\/wp-content\/uploads\/2026\/04\/Folha-1.webp","url":"https:\/\/folhapopular.info\/wp-content\/uploads\/2026\/04\/Folha-1.webp","contentUrl":"https:\/\/folhapopular.info\/wp-content\/uploads\/2026\/04\/Folha-1.webp","caption":"Reda\u00e7\u00e3o Folha Popular"},"url":"https:\/\/folhapopular.info\/index.php\/author\/redacao\/"}]}},"jetpack_featured_media_url":"https:\/\/folhapopular.info\/wp-content\/uploads\/2022\/03\/Ilustrativa-Mimi-Thian-Unsplash-e1646832527278.jpg","jetpack_sharing_enabled":true,"amp_enabled":true,"_links":{"self":[{"href":"https:\/\/folhapopular.info\/index.php\/wp-json\/wp\/v2\/posts\/99911","targetHints":{"allow":["GET"]}}],"collection":[{"href":"https:\/\/folhapopular.info\/index.php\/wp-json\/wp\/v2\/posts"}],"about":[{"href":"https:\/\/folhapopular.info\/index.php\/wp-json\/wp\/v2\/types\/post"}],"author":[{"embeddable":true,"href":"https:\/\/folhapopular.info\/index.php\/wp-json\/wp\/v2\/users\/8"}],"replies":[{"embeddable":true,"href":"https:\/\/folhapopular.info\/index.php\/wp-json\/wp\/v2\/comments?post=99911"}],"version-history":[{"count":0,"href":"https:\/\/folhapopular.info\/index.php\/wp-json\/wp\/v2\/posts\/99911\/revisions"}],"wp:featuredmedia":[{"embeddable":true,"href":"https:\/\/folhapopular.info\/index.php\/wp-json\/wp\/v2\/media\/99912"}],"wp:attachment":[{"href":"https:\/\/folhapopular.info\/index.php\/wp-json\/wp\/v2\/media?parent=99911"}],"wp:term":[{"taxonomy":"category","embeddable":true,"href":"https:\/\/folhapopular.info\/index.php\/wp-json\/wp\/v2\/categories?post=99911"},{"taxonomy":"post_tag","embeddable":true,"href":"https:\/\/folhapopular.info\/index.php\/wp-json\/wp\/v2\/tags?post=99911"}],"curies":[{"name":"wp","href":"https:\/\/api.w.org\/{rel}","templated":true}]}}